{"id":70,"date":"2026-01-24T16:01:06","date_gmt":"2026-01-24T16:01:06","guid":{"rendered":"https:\/\/clivux.com\/conteudos\/dia-do-medicos-a-importancia-para-seu-negocio-em-2023\/"},"modified":"2026-01-24T16:01:06","modified_gmt":"2026-01-24T16:01:06","slug":"dia-do-medicos-a-importancia-para-seu-negocio-em-2023","status":"publish","type":"post","link":"https:\/\/clivux.com\/conteudos\/dia-do-medicos-a-importancia-para-seu-negocio-em-2023\/","title":{"rendered":"Dia do M\u00e9dicos: A Import\u00e2ncia para Seu Neg\u00f3cio em 2023"},"content":{"rendered":"<h1>Dia do M\u00e9dicos: A Import\u00e2ncia para Seu Neg\u00f3cio em 2023<\/h1>\n<p>O <strong>dia do m\u00e9dicos<\/strong> \u00e9 uma data especial que reconhece o fundamental papel dos profissionais de medicina na sociedade. Considerando isso, \u00e9 crucial que empres\u00e1rios e profissionais da \u00e1rea administrativa compreendam como essa data impacta suas opera\u00e7\u00f5es. Neste artigo, abordaremos a import\u00e2ncia do dia do m\u00e9dicos, como funciona, suas obriga\u00e7\u00f5es legais e os benef\u00edcios de sua correta utiliza\u00e7\u00e3o no ambiente empresarial.<\/p>\n<figure>\n          <img decoding=\"async\" src=\"https:\/\/clivux.com\/conteudos\/wp-content\/uploads\/2026\/01\/dia-do-mdicos.jpg\" alt=\"dia do m\u00e9dicos\" \/><\/p>\n<\/figure>\n<h2>O que \u00e9 o Dia do M\u00e9dicos?<\/h2>\n<p>O <strong>dia do m\u00e9dicos<\/strong> \u00e9 celebrado em 18 de outubro no Brasil. Esta data foi escolhida para homenagear todos os m\u00e9dicos do pa\u00eds, essencialmente trazendo \u00e0 tona o reconhecimento do esfor\u00e7o desses profissionais em manter a sa\u00fade da popula\u00e7\u00e3o. O dia, al\u00e9m de ser uma oportunidade de reflex\u00e3o sobre a profiss\u00e3o m\u00e9dica, tamb\u00e9m serve como uma ocasi\u00e3o para que empresas reconhe\u00e7am a import\u00e2ncia do bem-estar da sa\u00fade no trabalho.<\/p>\n<h2>Quando surgiu o Dia do M\u00e9dicos?<\/h2>\n<p>A celebra\u00e7\u00e3o do <strong>dia do m\u00e9dicos<\/strong> remonta a 1933, quando foi institu\u00eddo em homenagem ao nascimento de William Osler, um dos fundadores da medicina moderna. Desde ent\u00e3o, a data \u00e9 uma ocasi\u00e3o para promover discuss\u00f5es sobre sa\u00fade, bem como valorizar o comprometimento dos m\u00e9dicos com seus pacientes.<\/p>\n<h2>Por que o Dia do M\u00e9dicos \u00e9 Importante para Empresas?<\/h2>\n<p>O <strong>dia do m\u00e9dicos<\/strong> \u00e9 muito mais do que uma data no calend\u00e1rio. Para empresas e organiza\u00e7\u00f5es, essa data pode refletir um compromisso com a sa\u00fade e o bem-estar dos colaboradores. Empresas que reconhecem esta data podem:<\/p>\n<ul>\n<li><strong>Promover a sa\u00fade mental e bem-estar:<\/strong> Reconhecer o trabalho dos m\u00e9dicos ajuda a sensibilizar os colaboradores sobre a import\u00e2ncia da sa\u00fade mental.<\/li>\n<li><strong>Fomentar a cultura organizacional:<\/strong> Mostrar que se preocupa com a sa\u00fade dos funcion\u00e1rios fortalece a cultura empresarial.<\/li>\n<li><strong>Refor\u00e7ar a reputa\u00e7\u00e3o da empresa:<\/strong> Uma empresa que se preocupa com a sa\u00fade est\u00e1 mais propensa a ser vista positivamente pelos colaboradores e pela comunidade.<\/li>\n<\/ul>\n<h2>Quem \u00e9 Obrigado a Usar\/Emitir o Dia do M\u00e9dicos?<\/h2>\n<p>Na verdade, n\u00e3o h\u00e1 uma obrigatoriedade legal que exija que todas as empresas celebrem o <strong>dia do m\u00e9dicos<\/strong>. Entretanto, \u00e9 altamente recomendado que empresas do setor de sa\u00fade, especialmente cl\u00ednicas e hospitais, fa\u00e7am men\u00e7\u00e3o a essa data. Profissionais de recursos humanos e administradores devem estar cientes de sua import\u00e2ncia e promover atividades que valorizem a figura do m\u00e9dico e sua fun\u00e7\u00e3o.<\/p>\n<h2>Vantagens de Fazer o Dia do M\u00e9dicos da Forma Correta<\/h2>\n<p>Fazer do <strong>dia do m\u00e9dicos<\/strong> uma data de celebra\u00e7\u00e3o, com aten\u00e7\u00e3o \u00e0s suas especificidades, traz diversas vantagens:<\/p>\n<ul>\n<li><strong>Aumento do engajamento:<\/strong> Funcion\u00e1rios valorizam quando a empresa se preocupa com quest\u00f5es de sa\u00fade.<\/li>\n<li><strong>Cultura de sa\u00fade interna:<\/strong> Ao promover a sa\u00fade, a empresa estabelece um padr\u00e3o que incentiva h\u00e1bitos saud\u00e1veis.<\/li>\n<li><strong>Reconhecimento profissional:<\/strong> M\u00e9dicos e profissionais de sa\u00fade sentem-se valorizados, aumentando a satisfa\u00e7\u00e3o no trabalho.<\/li>\n<\/ul>\n<h2>Principais Erros ao Preencher\/Usar o Dia do M\u00e9dicos (e como evitar)<\/h2>\n<p>Um erro comum ao utilizar o <strong>dia do m\u00e9dicos<\/strong> \u00e9 a falta de clareza nas comunica\u00e7\u00f5es internas. Para evitar isso:<\/p>\n<ol>\n<li>Planeje a comemora\u00e7\u00e3o antecipadamente, definindo a agenda e as atividades.<\/li>\n<li>Involva os colaboradores nas discuss\u00f5es sobre como querem celebrar a data.<\/li>\n<li>Utilize canais de comunica\u00e7\u00e3o eficazes para garantir que todos estejam informados.<\/li>\n<\/ol>\n<h2>Aspectos Legais e Normas que Envolvem o Dia do M\u00e9dicos<\/h2>\n<p>Embora n\u00e3o haja uma obrigatoriedade legal pura e simples para celebrar o <strong>dia do m\u00e9dicos<\/strong>, empresas devem estar atentas a regulamenta\u00e7\u00f5es relacionadas \u00e0 sa\u00fade dos colaboradores, como as Normas Regulamentadoras do Trabalho (NRs), que incluem diretrizes sobre ergonomia e condi\u00e7\u00f5es de sa\u00fade adequadas no trabalho. Isso pode incluir a considera\u00e7\u00e3o de eventos que trazem profissionais de sa\u00fade ao ambiente empresarial.<\/p>\n<h2>Como Automatizar ou Facilitar a Rotina com o Dia do M\u00e9dicos<\/h2>\n<p>Utilizar tecnologia pode ser uma forma eficaz de lidar com a gest\u00e3o do <strong>dia do m\u00e9dicos<\/strong>. Aqui est\u00e3o algumas ideias:<\/p>\n<ul>\n<li><strong>Planilhas:<\/strong> Crie uma planilha para monitorar a sa\u00fade dos colaboradores e as atividades planejadas para a data.<\/li>\n<li><strong>Sistemas: <\/strong>Use plataformas que integrem feedback dos colaboradores sobre sa\u00fade e bem-estar.<\/li>\n<li><strong>Aplicativos:<\/strong> Considere o uso de aplicativos de sa\u00fade que incentivem o bem-estar e a intera\u00e7\u00e3o entre os profissionais.<\/li>\n<\/ul>\n<h2>Exemplos Pr\u00e1ticos de Uso do Dia do M\u00e9dicos no Dia a Dia da Empresa<\/h2>\n<p>Iniciativas pr\u00e1ticas para comemorar o <strong>dia do m\u00e9dicos<\/strong> podem incluir:<\/p>\n<ol>\n<li>Organizar palestras com m\u00e9dicos sobre sa\u00fade mental e f\u00edsica.<\/li>\n<li>Promover check-ups de sa\u00fade para colaboradores.<\/li>\n<li>Distribuir materiais informativos sobre sa\u00fade e cuidados a serem tomados.<\/li>\n<\/ol>\n<h2>Checklist Final Antes de Enviar\/Usar o Dia do M\u00e9dicos<\/h2>\n<p>Antes de celebrar o <strong>dia do m\u00e9dicos<\/strong>, passe por este checklist:<\/p>\n<ul>\n<li>Defina uma data e hor\u00e1rio espec\u00edficos.<\/li>\n<li>Comunique as atividades programadas a todos os colaboradores.<\/li>\n<li>Prepare materiais informativos e convites.<\/li>\n<li>Avalie o feedback ap\u00f3s a festividade.<\/li>\n<\/ul>\n<h2>Perguntas Frequentes (FAQ)<\/h2>\n<h3>1. O dia do m\u00e9dicos \u00e9 um feriado?<\/h3>\n<p>N\u00e3o, o <strong>dia do m\u00e9dicos<\/strong> n\u00e3o \u00e9 um feriado nacional, mas \u00e9 uma data importante para reconhecer a profiss\u00e3o m\u00e9dica.<\/p>\n<h3>2. Como as empresas podem comemorar o dia do m\u00e9dicos?<\/h3>\n<p>As empresas podem organizar eventos, palestras e oferecer atendimentos m\u00e9dicos aos colaboradores.<\/p>\n<h3>3. Quais s\u00e3o as obriga\u00e7\u00f5es legais das empresas no dia do m\u00e9dicos?<\/h3>\n<p>N\u00e3o h\u00e1 obriga\u00e7\u00f5es legais espec\u00edficas, mas as empresas devem zelar pela sa\u00fade dos funcion\u00e1rios de acordo com as normas de seguran\u00e7a do trabalho.<\/p>\n<h3>4. O que devo fazer se a empresa n\u00e3o deseja celebrar?<\/h3>\n<p>Pode-se focar na conscientiza\u00e7\u00e3o sobre a sa\u00fade em outras datas do ano.<\/p>\n<h3>5. H\u00e1 correla\u00e7\u00e3o entre o dia do m\u00e9dicos e a sa\u00fade organizacional?<\/h3>\n<p>Sim, celebrar essa data pode contribuir para uma cultura organizacional mais saud\u00e1vel.<\/p>\n<h2>Conclus\u00e3o<\/h2>\n<p>Em resumo, o <strong>dia do m\u00e9dicos<\/strong> \u00e9 uma oportunidade valiosa para empresas e organiza\u00e7\u00f5es refletirem sobre a sa\u00fade e bem-estar de seus colaboradores. Ao celebrar essa data de forma correta, voc\u00ea n\u00e3o s\u00f3 mostra compromisso com a sa\u00fade, mas tamb\u00e9m pode transformar a cultura da sua empresa para melhor. Aproveite essa data para promover a\u00e7\u00f5es que agreguem valor aos m\u00e9dicos e aos sua equipe! N\u00e3o deixe de planejar com anteced\u00eancia e fa\u00e7a deste dia um marco na promo\u00e7\u00e3o da sa\u00fade no ambiente de trabalho!<\/p>\n<p>Para mais informa\u00e7\u00f5es sobre como melhorar a gest\u00e3o de sua empresa e promover o bem-estar de seus colaboradores, entre em contato conosco em <a href=\"https:\/\/clivux.com\/conteudos\/\">Clivux<\/a>.<\/p>\n","protected":false},"excerpt":{"rendered":"<p>O dia do m\u00e9dicos \u00e9 crucial para empresas no Brasil. Descubra como utiliz\u00e1-lo corretamente e seus benef\u00edcios.<\/p>\n","protected":false},"author":1,"featured_media":69,"comment_status":"open","ping_status":"open","sticky":false,"template":"","format":"standard","meta":{"footnotes":""},"categories":[4,69,23],"tags":[109,108,60,78,26],"class_list":["post-70","post","type-post","status-publish","format-standard","has-post-thumbnail","hentry","category-administracao","category-financeiro","category-saude-corporativa","tag-beneficios","tag-dia-do-medicos","tag-gestao-financeira","tag-obrigatoriedade-figo","tag-saude-empresarial"],"_links":{"self":[{"href":"https:\/\/clivux.com\/conteudos\/wp-json\/wp\/v2\/posts\/70","targetHints":{"allow":["GET"]}}],"collection":[{"href":"https:\/\/clivux.com\/conteudos\/wp-json\/wp\/v2\/posts"}],"about":[{"href":"https:\/\/clivux.com\/conteudos\/wp-json\/wp\/v2\/types\/post"}],"author":[{"embeddable":true,"href":"https:\/\/clivux.com\/conteudos\/wp-json\/wp\/v2\/users\/1"}],"replies":[{"embeddable":true,"href":"https:\/\/clivux.com\/conteudos\/wp-json\/wp\/v2\/comments?post=70"}],"version-history":[{"count":0,"href":"https:\/\/clivux.com\/conteudos\/wp-json\/wp\/v2\/posts\/70\/revisions"}],"wp:featuredmedia":[{"embeddable":true,"href":"https:\/\/clivux.com\/conteudos\/wp-json\/wp\/v2\/media\/69"}],"wp:attachment":[{"href":"https:\/\/clivux.com\/conteudos\/wp-json\/wp\/v2\/media?parent=70"}],"wp:term":[{"taxonomy":"category","embeddable":true,"href":"https:\/\/clivux.com\/conteudos\/wp-json\/wp\/v2\/categories?post=70"},{"taxonomy":"post_tag","embeddable":true,"href":"https:\/\/clivux.com\/conteudos\/wp-json\/wp\/v2\/tags?post=70"}],"curies":[{"name":"wp","href":"https:\/\/api.w.org\/{rel}","templated":true}]}}