{"id":68,"date":"2026-01-24T11:01:11","date_gmt":"2026-01-24T11:01:11","guid":{"rendered":"https:\/\/clivux.com\/conteudos\/dia-do-medico-tudo-que-voce-precisa-saber\/"},"modified":"2026-01-24T11:01:11","modified_gmt":"2026-01-24T11:01:11","slug":"dia-do-medico-tudo-que-voce-precisa-saber","status":"publish","type":"post","link":"https:\/\/clivux.com\/conteudos\/dia-do-medico-tudo-que-voce-precisa-saber\/","title":{"rendered":"Dia do M\u00e9dico: Tudo que Voc\u00ea Precisa Saber"},"content":{"rendered":"<h1>Dia do M\u00e9dico: Tudo que Voc\u00ea Precisa Saber<\/h1>\n<p>O <strong>dia do m\u00e9dico<\/strong> \u00e9 uma data muito especial no Brasil, celebrada em 18 de outubro. Esta data \u00e9 uma homenagem a todos os profissionais da medicina que dedicam suas vidas ao cuidado e \u00e0 sa\u00fade da popula\u00e7\u00e3o. Neste artigo, abordaremos a import\u00e2ncia dessa data para empresas, como funciona e quais cuidados devem ser tomados ao emitir o <strong>dia do m\u00e9dico<\/strong>.<\/p>\n<figure>\n          <img decoding=\"async\" src=\"https:\/\/clivux.com\/conteudos\/wp-content\/uploads\/2026\/01\/dia-do-mdico.jpg\" alt=\"dia do m\u00e9dico\" \/><\/p>\n<\/figure>\n<h2>O que \u00e9 o Dia do M\u00e9dico?<\/h2>\n<p>O <strong>dia do m\u00e9dico<\/strong> \u00e9 uma data comemorativa que visa reconhecer o trabalho e as conquistas dos m\u00e9dicos na sociedade. Criado inicialmente em 1933, pelo ent\u00e3o presidente Get\u00falio Vargas, esta celebra\u00e7\u00e3o ocorre em homenagem ao <a href=\"https:\/\/www.wikipedia.org\/wiki\/Sep%C3%BAlveda_Ferreira\">m\u00e9dico Sep\u00falveda Ferreira<\/a>, que foi um dos primeiros defensores da medicina humanista no Brasil.<\/p>\n<h2>Quando surgiu o Dia do M\u00e9dico?<\/h2>\n<p>A escolha do dia 18 de outubro remete ao <strong>dia do m\u00e9dico<\/strong> como uma forma de homenagear Sep\u00falveda Ferreira, um importante nome na hist\u00f3ria da medicina no Brasil. Desde ent\u00e3o, m\u00e9dicos e profissionais de sa\u00fade se re\u00fanem para celebrar suas conquistas e discutir as atuais necessidades e desafios do setor.<\/p>\n<h2>Por que o Dia do M\u00e9dico \u00e9 importante para empresas?<\/h2>\n<p>Compreender a import\u00e2ncia do <strong>dia do m\u00e9dico<\/strong> para as empresas \u00e9 fundamental. Esta data \u00e9 uma oportunidade para reconhecer e valorizar os profissionais de sa\u00fade que est\u00e3o diretamente ligados \u00e0 qualidade de vida dos colaboradores. Dessa forma, pode-se:<\/p>\n<ul>\n<li>Promover campanhas de sa\u00fade dentro da empresa, aumentando a conscientiza\u00e7\u00e3o sobre a import\u00e2ncia dos cuidados m\u00e9dicos;<\/li>\n<li>Integrar planos de sa\u00fade e oferecer solu\u00e7\u00f5es para a sa\u00fade dos funcion\u00e1rios;<\/li>\n<li>Proporcionar momentos de reflex\u00e3o e discuss\u00f5es sobre sa\u00fade e bem-estar no ambiente corporativo.<\/li>\n<\/ul>\n<p>Al\u00e9m disso, a data pode ser utilizada para refor\u00e7ar as a\u00e7\u00f5es de responsabilidade social da empresa.<\/p>\n<h2>Vantagens de fazer o Dia do M\u00e9dico da forma correta<\/h2>\n<p>Realizar a\u00e7\u00f5es de conscientiza\u00e7\u00e3o sobre o <strong>dia do m\u00e9dico<\/strong> de maneira correta traz in\u00fameras vantagens, como:<\/p>\n<ol>\n<li><strong>Melhoria na satisfa\u00e7\u00e3o<\/strong> dos funcion\u00e1rios ao perceberem o cuidado com a sa\u00fade; <\/li>\n<li>Promover um ambiente <strong>sadio<\/strong> e produtivo por meio de medidas preventivas;<\/li>\n<li>Fortalecer a imagem da <strong>empresa<\/strong> como socialmente respons\u00e1vel.<\/li>\n<\/ol>\n<h2>Quais os riscos relacionados ao Dia do M\u00e9dico?<\/h2>\n<p>Embora a celebra\u00e7\u00e3o e a conscientiza\u00e7\u00e3o sejam ben\u00e9ficas, existem riscos associados \u00e0 m\u00e1 gest\u00e3o das a\u00e7\u00f5es do <strong>dia do m\u00e9dico<\/strong>. Entre eles:<\/p>\n<ul>\n<li>Falta de informa\u00e7\u00f5es precisas sobre sa\u00fade, que podem gerar confus\u00f5es;<\/li>\n<li>Desinteresse dos colaboradores caso as atividades n\u00e3o sejam bem planejadas;<\/li>\n<li>Problemas legais associados \u00e0 responsabilidade sobre a sa\u00fade dos funcion\u00e1rios.<\/li>\n<\/ul>\n<h2>Principais erros ao preencher\/usar o Dia do M\u00e9dico (e como evitar)<\/h2>\n<p>Um dos erros comuns \u00e9 a falta de documenta\u00e7\u00e3o que comprove os cuidados mencionados. Al\u00e9m disso, um planejamento deficiente pode levar \u00e0 sensa\u00e7\u00e3o de que a sa\u00fade dos colaboradores n\u00e3o \u00e9 prioridade. Para evitar esses problemas, \u00e9 necess\u00e1rio:<\/p>\n<ol>\n<li>Registrar todas as atividades realizadas;<\/li>\n<li>Garantir que todas as informa\u00e7\u00f5es sejam claras e acess\u00edveis aos colaboradores;<\/li>\n<li>Envolver os profissionais de sa\u00fade desde a concep\u00e7\u00e3o da a\u00e7\u00e3o at\u00e9 a execu\u00e7\u00e3o.<\/li>\n<\/ol>\n<h2>Aspectos legais e normas que envolvem o Dia do M\u00e9dico<\/h2>\n<p>As empresas devem estar cientes da legisla\u00e7\u00e3o que envolve a sa\u00fade dos seus colaboradores. O cumprimento das normativas pode evitar complica\u00e7\u00f5es legais futuras e garantir a seguran\u00e7a no ambiente de trabalho. Consulte as diretrizes do <a href=\"https:\/\/www.gov.br\/saude\">Minist\u00e9rio da Sa\u00fade<\/a> para entender melhor sobre as regulamenta\u00e7\u00f5es pertinentes.<\/p>\n<h2>Como automatizar ou facilitar a rotina com o Dia do M\u00e9dico<\/h2>\n<p>A tecnologia pode ser uma aliada na gest\u00e3o de sa\u00fade dentro das empresas. Plataformas de <strong>gest\u00e3o<\/strong> que integram os dataos do dia do m\u00e9dico podem:<\/p>\n<ul>\n<li>Facilitar o acesso \u00e0s informa\u00e7\u00f5es de sa\u00fade dos funcion\u00e1rios;<\/li>\n<li>Automatizar lembretes para a realiza\u00e7\u00e3o de exames;<\/li>\n<li>Gerar relat\u00f3rios mensais sobre a sa\u00fade dos colaboradores.<\/li>\n<\/ul>\n<h2>Checklist final antes de enviar\/usar o Dia do M\u00e9dico<\/h2>\n<p>Antes de finalizarem as a\u00e7\u00f5es do <strong>dia do m\u00e9dico<\/strong>, as empresas devem seguir este checklist:<\/p>\n<ol>\n<li>Verifique se todas as atividades est\u00e3o documentadas;<\/li>\n<li>Comprove a participa\u00e7\u00e3o dos colaboradores;<\/li>\n<li>Analise os feedbacks para futuras melhorias.<\/li>\n<\/ol>\n<h2>Perguntas frequentes sobre o Dia do M\u00e9dico<\/h2>\n<h3>1. O que \u00e9 o Dia do M\u00e9dico?<\/h3>\n<p>Uma data que celebra e homenageia todos os profissionais da medicina no Brasil.<\/p>\n<h3>2. Qual a data para o Dia do M\u00e9dico?<\/h3>\n<p>O Dia do M\u00e9dico \u00e9 celebrado em 18 de outubro.<\/p>\n<h3>3. Qual a import\u00e2ncia do Dia do M\u00e9dico para empresas?<\/h3>\n<p>Reconhece e valoriza os profissionais da sa\u00fade, promove campanhas de sa\u00fade e melhora a satisfa\u00e7\u00e3o dos colaboradores.<\/p>\n<h3>4. Como posso comemorar o Dia do M\u00e9dico na minha empresa?<\/h3>\n<p>Realizando eventos de conscientiza\u00e7\u00e3o, oferecendo exames m\u00e9dicos e promovendo sa\u00fade no ambiente de trabalho.<\/p>\n<h3>5. Quais os riscos legais ao n\u00e3o celebrar o Dia do M\u00e9dico?<\/h3>\n<p>Desinteresse dos colaboradores e potenciais problemas legais pela falta de cuidados com a sa\u00fade dos funcion\u00e1rios.<\/p>\n<h2>Conclus\u00e3o<\/h2>\n<p>O <strong>dia do m\u00e9dico<\/strong> \u00e9 mais do que uma data comemorativa; \u00e9 uma oportunidade de reconhecer a import\u00e2ncia da sa\u00fade no ambiente corporativo. Ao celebrar essa data, empresas n\u00e3o apenas mostram apre\u00e7o pelos profissionais da sa\u00fade, mas promovem um ambiente mais saud\u00e1vel e produtivo. Invista na sa\u00fade do seu neg\u00f3cio e dos seus colaboradores.<\/p>\n<p>Para mais dicas sobre gest\u00e3o e sa\u00fade nas empresas, n\u00e3o esque\u00e7a de visitar nosso site <a href=\"https:\/\/clivux.com\">Clivux<\/a>. <\/p>\n","protected":false},"excerpt":{"rendered":"<p>Descubra tudo sobre o dia do m\u00e9dico e sua import\u00e2ncia para empresas. Informa\u00e7\u00e3o essencial para o seu neg\u00f3cio!<\/p>\n","protected":false},"author":1,"featured_media":67,"comment_status":"open","ping_status":"open","sticky":false,"template":"","format":"standard","meta":{"footnotes":""},"categories":[4,41,23],"tags":[103,107,104,105,106],"class_list":["post-68","post","type-post","status-publish","format-standard","has-post-thumbnail","hentry","category-administracao","category-empreendedorismo","category-saude-corporativa","tag-dia-do-medico","tag-gestao-de-saude","tag-importancia-dia-do-medico","tag-praticas-empresariais","tag-protocolos-medicos"],"_links":{"self":[{"href":"https:\/\/clivux.com\/conteudos\/wp-json\/wp\/v2\/posts\/68","targetHints":{"allow":["GET"]}}],"collection":[{"href":"https:\/\/clivux.com\/conteudos\/wp-json\/wp\/v2\/posts"}],"about":[{"href":"https:\/\/clivux.com\/conteudos\/wp-json\/wp\/v2\/types\/post"}],"author":[{"embeddable":true,"href":"https:\/\/clivux.com\/conteudos\/wp-json\/wp\/v2\/users\/1"}],"replies":[{"embeddable":true,"href":"https:\/\/clivux.com\/conteudos\/wp-json\/wp\/v2\/comments?post=68"}],"version-history":[{"count":0,"href":"https:\/\/clivux.com\/conteudos\/wp-json\/wp\/v2\/posts\/68\/revisions"}],"wp:featuredmedia":[{"embeddable":true,"href":"https:\/\/clivux.com\/conteudos\/wp-json\/wp\/v2\/media\/67"}],"wp:attachment":[{"href":"https:\/\/clivux.com\/conteudos\/wp-json\/wp\/v2\/media?parent=68"}],"wp:term":[{"taxonomy":"category","embeddable":true,"href":"https:\/\/clivux.com\/conteudos\/wp-json\/wp\/v2\/categories?post=68"},{"taxonomy":"post_tag","embeddable":true,"href":"https:\/\/clivux.com\/conteudos\/wp-json\/wp\/v2\/tags?post=68"}],"curies":[{"name":"wp","href":"https:\/\/api.w.org\/{rel}","templated":true}]}}