{"id":286,"date":"2026-03-17T16:01:51","date_gmt":"2026-03-17T16:01:51","guid":{"rendered":"https:\/\/clivux.com\/conteudos\/o-que-e-ortodontico-entenda-a-importancia-e-suas-aplicacoes\/"},"modified":"2026-03-17T16:01:51","modified_gmt":"2026-03-17T16:01:51","slug":"o-que-e-ortodontico-entenda-a-importancia-e-suas-aplicacoes","status":"publish","type":"post","link":"https:\/\/clivux.com\/conteudos\/o-que-e-ortodontico-entenda-a-importancia-e-suas-aplicacoes\/","title":{"rendered":"O que \u00e9 ortod\u00f4ntico: Entenda a import\u00e2ncia e suas aplica\u00e7\u00f5es"},"content":{"rendered":"<h1>O que \u00e9 ortod\u00f4ntico: Entenda a import\u00e2ncia e suas aplica\u00e7\u00f5es<\/h1>\n<p>Se voc\u00ea \u00e9 um <strong>empreendedor<\/strong> ou um profissional da <strong>administra\u00e7\u00e3o financeira<\/strong>, pode estar se perguntando sobre o que \u00e9 ortod\u00f4ntico e como isso se relaciona com seu neg\u00f3cio. Neste artigo, vamos explorar a defini\u00e7\u00e3o, a import\u00e2ncia e os principais pontos que voc\u00ea precisa saber sobre o que \u00e9 ortod\u00f4ntico, principalmente no contexto empresarial.<\/p>\n<figure>\n          <img decoding=\"async\" src=\"https:\/\/clivux.com\/conteudos\/wp-content\/uploads\/2026\/03\/o-que-ortodntico.jpg\" alt=\"o que \u00e9 ortod\u00f4ntico\" \/><\/p>\n<\/figure>\n<h2>\u00cdndice<\/h2>\n<ol>\n<li><a href=\"#definicao\">O que \u00e9 ortod\u00f4ntico?<\/a><\/li>\n<li><a href=\"#importancia\">Por que o que \u00e9 ortod\u00f4ntico \u00e9 importante para empresas?<\/a><\/li>\n<li><a href=\"#funcionamento\">Como funciona o que \u00e9 ortod\u00f4ntico?<\/a><\/li>\n<li><a href=\"#dados\">Quais dados deve conter o ortodontico?<\/a><\/li>\n<li><a href=\"#erros\">Principais erros ao preencher\/usar o que \u00e9 ortod\u00f4ntico<\/a><\/li>\n<li><a href=\"#faq\">Perguntas frequentes sobre o que \u00e9 ortod\u00f4ntico<\/a><\/li>\n<li><a href=\"#conclusao\">Conclus\u00e3o<\/a><\/li>\n<\/ol>\n<h2 id=\"definicao\">O que \u00e9 ortod\u00f4ntico?<\/h2>\n<p>O termo <strong>ortodontia<\/strong> refere-se \u00e0 \u00e1rea da odontologia que trata a corre\u00e7\u00e3o dos dentes e mand\u00edbulas desalinhadas. O que \u00e9 ortod\u00f4ntico, portanto, envolve todos os procedimentos e t\u00e9cnicas que visam restaurar a fun\u00e7\u00e3o e est\u00e9tica da arcada dent\u00e1ria. \u00c9 uma \u00e1rea que se destaca pelas suas <strong>inova\u00e7\u00f5es tecnol\u00f3gicas<\/strong>, que facilitam o tratamento e aumentam a efic\u00e1cia nas corre\u00e7\u00f5es.<\/p>\n<h2 id=\"importancia\">Por que o que \u00e9 ortod\u00f4ntico \u00e9 importante para empresas?<\/h2>\n<p>Investir em <strong>sa\u00fade bucal<\/strong> dos colaboradores pode reduzir custos com planos de sa\u00fade e faltas devido a problemas dent\u00e1rios. Al\u00e9m disso, um sorriso saud\u00e1vel impacta a imagem e disposi\u00e7\u00e3o do colaborador. Entender o que \u00e9 ortod\u00f4ntico pode ajudar os empres\u00e1rios a implementarem benef\u00edcios voltados para a sa\u00fade dental de seus funcion\u00e1rios, contribuindo para a satisfa\u00e7\u00e3o e produtividade no trabalho.<\/p>\n<h2 id=\"funcionamento\">Como funciona o que \u00e9 ortod\u00f4ntico?<\/h2>\n<p>Os tratamentos ortod\u00f4nticos geralmente envolvem a utiliza\u00e7\u00e3o de aparelhos ortod\u00f4nticos, que podem ser fixos ou m\u00f3veis. A fun\u00e7\u00e3o desses aparelhos \u00e9 aplicar press\u00e3o nos dentes, promovendo o seu deslocamento gradual para a posi\u00e7\u00e3o desejada. <strong>O acompanhamento regular<\/strong> por um profissional de ortodontia \u00e9 crucial para o sucesso do tratamento.<\/p>\n<h3>Processo de tratamento<\/h3>\n<ul>\n<li><strong>Avalia\u00e7\u00e3o Inicial:<\/strong> Exames e radiografias para entender o caso.<\/li>\n<li><strong>Planejamento:<\/strong> O dentista escolhe o tipo de aparelho e o tempo de tratamento.<\/li>\n<li><strong>Adjuntos:<\/strong> Coloca\u00e7\u00e3o do aparelho e acompanhamento mensal.<\/li>\n<li><strong>Manuten\u00e7\u00e3o:<\/strong> Ajustes regulares at\u00e9 a finaliza\u00e7\u00e3o do tratamento.<\/li>\n<\/ul>\n<h2 id=\"dados\">Quais dados deve conter o ortodontico?<\/h2>\n<p>Os documentos relacionados ao tratamento ortod\u00f4ntico devem conter:<br \/>&#8211; Data da avalia\u00e7\u00e3o inicial<br \/>&#8211; Tipo de aparelho utilizado<br \/>&#8211; Detalhes do plano de tratamento<br \/>&#8211; Cronograma de visitas e ajustes<br \/>&#8211; Observa\u00e7\u00f5es adicionais sobre a sa\u00fade bucal do paciente<\/p>\n<h2 id=\"erros\">Principais erros ao preencher\/usar o que \u00e9 ortod\u00f4ntico<\/h2>\n<p>Um erro comum \u00e9 n\u00e3o registrar corretamente as mudan\u00e7as nas visitas. Essa informa\u00e7\u00e3o \u00e9 vital para o dentista acompanhar o progresso do tratamento. Outros erros incluem:<\/p>\n<ul>\n<li>N\u00e3o seguir as recomenda\u00e7\u00f5es do dentista.<\/li>\n<li>Falta de comunica\u00e7\u00e3o sobre novas dores ou problemas.<\/li>\n<li>Deixar de ir \u00e0s consultas regulares.<\/li>\n<\/ul>\n<h2 id=\"faq\">Perguntas frequentes sobre o que \u00e9 ortod\u00f4ntico<\/h2>\n<h3>1. Qual a dura\u00e7\u00e3o de um tratamento ortod\u00f4ntico?<\/h3>\n<p>A dura\u00e7\u00e3o pode variar, mas geralmente dura entre 1 a 3 anos.<\/p>\n<h3>2. Quais s\u00e3o os tipos de aparelhos dispon\u00edveis?<\/h3>\n<p>Existem aparelhos fixos, m\u00f3veis e transparentes, cada um adequado a diferentes necessidades e prefer\u00eancias.<\/p>\n<h3>3. Ortodontia \u00e9 s\u00f3 est\u00e9tica?<\/h3>\n<p>N\u00e3o, ela tamb\u00e9m corrige problemas funcionais da mordida.<\/p>\n<h3>4. Como sei se preciso de tratamento ortod\u00f4ntico?<\/h3>\n<p>A consulta com um dentista especializado \u00e9 fundamental para a avalia\u00e7\u00e3o.<\/p>\n<h3>5. Qual \u00e9 o custo de um tratamento ortod\u00f4ntico?<\/h3>\n<p>Os custos podem variar amplamente, dependendo do tipo de aparelho e da dura\u00e7\u00e3o do tratamento.<\/p>\n<h2 id=\"conclusao\">Conclus\u00e3o<\/h2>\n<p>Compreender o que \u00e9 ortod\u00f4ntico \u00e9 essencial n\u00e3o s\u00f3 para o cuidado pessoal, mas tamb\u00e9m para a sa\u00fade do seu neg\u00f3cio. Incentivar a sa\u00fade bucal entre os colaboradores pode trazer benef\u00edcios duradouros para a produtividade e a satisfa\u00e7\u00e3o no ambiente de trabalho. Considere implementar pol\u00edticas que valorizem e incentivem cuidados ortod\u00f4nticos.<\/p>\n<p>Para saber mais sobre como sua empresa pode se beneficiar de uma boa gest\u00e3o da sa\u00fade bucal, entre em contato conosco na <a href=\"https:\/\/clivux.com\">Clivux<\/a>.<\/p>\n","protected":false},"excerpt":{"rendered":"<p>Descubra o que \u00e9 ortod\u00f4ntico e sua relev\u00e2ncia para empresas. Informa\u00e7\u00e3o clara e pr\u00e1tica para neg\u00f3cios no Brasil.<\/p>\n","protected":false},"author":1,"featured_media":285,"comment_status":"open","ping_status":"open","sticky":false,"template":"","format":"standard","meta":{"footnotes":""},"categories":[41,3,339],"tags":[10,286,448,117,376],"class_list":["post-286","post","type-post","status-publish","format-standard","has-post-thumbnail","hentry","category-empreendedorismo","category-financas","category-gestao-de-saude","tag-administracao","tag-financas-brasil","tag-informacao-empresarial","tag-ortodontia","tag-saude-bucal"],"_links":{"self":[{"href":"https:\/\/clivux.com\/conteudos\/wp-json\/wp\/v2\/posts\/286","targetHints":{"allow":["GET"]}}],"collection":[{"href":"https:\/\/clivux.com\/conteudos\/wp-json\/wp\/v2\/posts"}],"about":[{"href":"https:\/\/clivux.com\/conteudos\/wp-json\/wp\/v2\/types\/post"}],"author":[{"embeddable":true,"href":"https:\/\/clivux.com\/conteudos\/wp-json\/wp\/v2\/users\/1"}],"replies":[{"embeddable":true,"href":"https:\/\/clivux.com\/conteudos\/wp-json\/wp\/v2\/comments?post=286"}],"version-history":[{"count":0,"href":"https:\/\/clivux.com\/conteudos\/wp-json\/wp\/v2\/posts\/286\/revisions"}],"wp:featuredmedia":[{"embeddable":true,"href":"https:\/\/clivux.com\/conteudos\/wp-json\/wp\/v2\/media\/285"}],"wp:attachment":[{"href":"https:\/\/clivux.com\/conteudos\/wp-json\/wp\/v2\/media?parent=286"}],"wp:term":[{"taxonomy":"category","embeddable":true,"href":"https:\/\/clivux.com\/conteudos\/wp-json\/wp\/v2\/categories?post=286"},{"taxonomy":"post_tag","embeddable":true,"href":"https:\/\/clivux.com\/conteudos\/wp-json\/wp\/v2\/tags?post=286"}],"curies":[{"name":"wp","href":"https:\/\/api.w.org\/{rel}","templated":true}]}}