{"id":240,"date":"2026-03-06T11:01:33","date_gmt":"2026-03-06T11:01:33","guid":{"rendered":"https:\/\/clivux.com\/conteudos\/dia-do-farmaceutico-importancia-e-vantagens-em-2023\/"},"modified":"2026-03-06T11:01:33","modified_gmt":"2026-03-06T11:01:33","slug":"dia-do-farmaceutico-importancia-e-vantagens-em-2023","status":"publish","type":"post","link":"https:\/\/clivux.com\/conteudos\/dia-do-farmaceutico-importancia-e-vantagens-em-2023\/","title":{"rendered":"Dia do Farmaceutico: Import\u00e2ncia e Vantagens em 2023"},"content":{"rendered":"<h1>Dia do Farmaceutico: Import\u00e2ncia e Vantagens em 2023<\/h1>\n<p>O <strong>dia do farmaceutico<\/strong> \u00e9 um evento anual que tem como objetivo celebrar e reconhecer a import\u00e2ncia dos farmac\u00eauticos na assist\u00eancia \u00e0 sa\u00fade. S\u00e3o esses profissionais que desempenham um papel crucial na sa\u00fade p\u00fablica, garantindo que os medicamentos sejam utilizados de forma segura e eficaz.<\/p>\n<figure>\n          <img decoding=\"async\" src=\"https:\/\/clivux.com\/conteudos\/wp-content\/uploads\/2026\/03\/dia-do-farmaceutico-3.jpg\" alt=\"dia do farmaceutico\" \/><\/p>\n<\/figure>\n<h2>O que \u00e9 o dia do farmaceutico?<\/h2>\n<p>O <strong>dia do farmaceutico<\/strong> \u00e9 comemorado em 20 de janeiro no Brasil. Essa data foi escolhida em homenagem ao anivers\u00e1rio de cria\u00e7\u00f5es significativas na \u00e1rea de farm\u00e1cia. \u00c9 um dia para destacar n\u00e3o apenas o papel dos farmac\u00eauticos nas farm\u00e1cias, mas tamb\u00e9m sua contribui\u00e7\u00e3o em hospitais, cl\u00ednicas e na ind\u00fastria farmac\u00eautica.<\/p>\n<h2>Quando surgiu o dia do farmaceutico?<\/h2>\n<p>A celebra\u00e7\u00e3o do <strong>dia do farmaceutico<\/strong> no Brasil teve in\u00edcio em 1938, como uma forma de reconhecimento e valoriza\u00e7\u00e3o da categoria. Desde ent\u00e3o, a data se tornou um marco importante para as conversas sobre a profiss\u00e3o e a legisla\u00e7\u00e3o que a rege.<\/p>\n<h2>Por que o dia do farmaceutico \u00e9 importante para empresas?<\/h2>\n<p>Para os empres\u00e1rios e profissionais administradores, entender a import\u00e2ncia do <strong>dia do farmaceutico<\/strong> \u00e9 crucial. Primeiramente, isso ajuda a valorizar os servi\u00e7os prestados por farmac\u00eauticos, mostrando apre\u00e7o pela profiss\u00e3o e, consequentemente, promovendo um ambiente de trabalho mais harm\u00f4nico. Al\u00e9m disso, ao reconhecer essa data, as empresas podem melhorar sua imagem institucional, mostrando responsabilidade social e comprometimento com a sa\u00fade p\u00fablica.<\/p>\n<h2>Vantagens de celebrar o dia do farmaceutico corretamente<\/h2>\n<p>Celebrar corretamente o <strong>dia do farmaceutico<\/strong> traz v\u00e1rias vantagens:<\/p>\n<ul>\n<li><strong>Aumento do reconhecimento:<\/strong> Valoriza\u00e7\u00e3o do profissional farmac\u00eautico dentro da equipe.<\/li>\n<li><strong>Melhor comunica\u00e7\u00e3o:<\/strong> Promo\u00e7\u00e3o de um ambiente colaborativo onde a sa\u00fade do cliente \u00e9 priorizada.<\/li>\n<li><strong>Crescimento da clientela:<\/strong> Pacientes e consumidores preferem servi\u00e7os que reconhecem a import\u00e2ncia de profissionais de sa\u00fade.<\/li>\n<li><strong>Aumento de vendas:<\/strong> Promo\u00e7\u00f5es e eventos em farm\u00e1cias podem resultar em mais vendas.<\/li>\n<\/ul>\n<h2>Aspectos legais e normas que envolvem o dia do farmaceutico<\/h2>\n<p>\u00c9 importante que empres\u00e1rios e farmac\u00eauticos estejam cientes das normas que regem a profiss\u00e3o. O <strong>dia do farmaceutico<\/strong> n\u00e3o \u00e9 apenas uma data comemorativa, mas tamb\u00e9m uma oportunidade para discutir as legisla\u00e7\u00f5es que envolvem o exerc\u00edcio da farm\u00e1cia. O <a href=\"https:\/\/www.conselhofarmaceutico.org.br\/\">Conselho Federal de Farm\u00e1cia<\/a> \u00e9 um recurso importante para informa\u00e7\u00f5es atualizadas sobre as normas regulamentadoras.<\/p>\n<h2>Principais erros ao preencher\/usar o dia do farmaceutico e como evitar<\/h2>\n<p>Existem dados espec\u00edficos que devem ser preenchidos ao utilizar a data do <strong>dia do farmaceutico<\/strong>. Aqui est\u00e3o alguns erros comuns e como evit\u00e1-los:<\/p>\n<ol>\n<li><strong>N\u00e3o especificar informa\u00e7\u00f5es necess\u00e1rias:<\/strong> Sempre inclua detalhes como nome do farmac\u00eautico, CRM e data de validade dos documentos.<\/li>\n<li><strong>Desconsiderar as regulamenta\u00e7\u00f5es:<\/strong> Verifique a legisla\u00e7\u00e3o pertinente antes de celebrar a data.<\/li>\n<li><strong>N\u00e3o incluir feedback:<\/strong> Utilize o dia para ouvir a opini\u00e3o da equipe e identificar \u00e1reas de melhoria.<\/li>\n<\/ol>\n<h2>Como automatizar ou facilitar a rotina com o dia do farmaceutico<\/h2>\n<p>A tecnologia pode ser uma grande aliada na administra\u00e7\u00e3o do <strong>dia do farmaceutico<\/strong>. Utilize planilhas eletr\u00f4nicas ou sistemas de gest\u00e3o farmac\u00eautica que ajudem a organizar e acompanhar as informa\u00e7\u00f5es necess\u00e1rias. Plataformas como <a href=\"https:\/\/www.medicamentos.com.br\/\">Medicamentos<\/a> oferecem diversas ferramentas que podem facilitar esse processo.<\/p>\n<h2>Exemplos pr\u00e1ticos de uso do dia do farmaceutico no dia a dia da empresa<\/h2>\n<p>As empresas podem fazer muito mais do que simplesmente reconhecer o <strong>dia do farmaceutico<\/strong>. Veja algumas sugest\u00f5es:<\/p>\n<ul>\n<li>Realizar workshops sobre seguran\u00e7a no uso de medicamentos.<\/li>\n<li>Oferecer promo\u00e7\u00f5es especiais de medicamentos.<\/li>\n<li>Promover uma semana de sa\u00fade, com palestras e atividades educativas.<\/li>\n<li>Fazer um evento comemorativo no qual a equipe farmac\u00eautica seja reconhecida.<\/li>\n<\/ul>\n<h2>Checklist final antes de enviar\/usar o dia do farmaceutico<\/h2>\n<p>Antes de celebrar o <strong>dia do farmaceutico<\/strong>, aqui est\u00e1 um checklist para garantir que tudo esteja correto:<\/p>\n<ol>\n<li><strong>Verifique as informa\u00e7\u00f5es do farmac\u00eautico:<\/strong> Nome e CRM est\u00e3o corretos?<\/li>\n<li><strong>Confirme a documenta\u00e7\u00e3o legal:<\/strong> Todos os documentos est\u00e3o em ordem?<\/li>\n<li><strong>Prepare a comunica\u00e7\u00e3o interna e externa:<\/strong> Todos est\u00e3o informados sobre a data e suas atividades?<\/li>\n<\/ol>\n<h2>Perguntas frequentes sobre o dia do farmaceutico<\/h2>\n<h3>1. Qual \u00e9 o objetivo do dia do farmaceutico?<\/h3>\n<p>O objetivo \u00e9 reconhecer a import\u00e2ncia da farm\u00e1cia e dos farmac\u00eauticos na sa\u00fade p\u00fablica.<\/p>\n<h3>2. Por que 20 de janeiro \u00e9 o dia do farmaceutico?<\/h3>\n<p>\u00c9 comemorado nessa data devido ao anivers\u00e1rio de importantes figuras hist\u00f3ricas na farm\u00e1cia brasileira.<\/p>\n<h3>3. Quem pode celebrar o dia do farmaceutico?<\/h3>\n<p>Todas as farm\u00e1cias, cl\u00ednicas e empresas relacionadas \u00e0 sa\u00fade podem celebrar esta data.<\/p>\n<h3>4. Quais documentos s\u00e3o necess\u00e1rios para celebrar o dia do farmaceutico?<\/h3>\n<p>Documentos que comprovem a atua\u00e7\u00e3o do farmac\u00eautico e dados da empresa.<\/p>\n<h3>5. Qual a import\u00e2ncia de seguir as normas legais relacionadas ao dia do farmaceutico?<\/h3>\n<p>Seguir as normas garante a seguran\u00e7a jur\u00eddica e a valoriza\u00e7\u00e3o do profissional.<\/p>\n<p>Em suma, o <strong>dia do farmaceutico<\/strong> n\u00e3o \u00e9 apenas uma data, mas uma oportunidade para reconhecer o trabalho dos farmac\u00eauticos e fortalecer o compromisso da sua empresa com a sa\u00fade. Ao celebrar essa data de maneira planejada e adequada, sua empresa n\u00e3o s\u00f3 beneficia sua equipe, mas tamb\u00e9m melhora sua reputa\u00e7\u00e3o no mercado.<\/p>\n<p><strong>Para mais dicas e informa\u00e7\u00f5es sobre como gerir sua empresa da melhor forma, visite nosso site!<\/strong><\/p>\n","protected":false},"excerpt":{"rendered":"<p>Descubra a relev\u00e2ncia do dia do farmaceutico para empresas e profissionais da sa\u00fade no Brasil e como implement\u00e1-lo corretamente.<\/p>\n","protected":false},"author":1,"featured_media":239,"comment_status":"open","ping_status":"open","sticky":false,"template":"","format":"standard","meta":{"footnotes":""},"categories":[4,339,392],"tags":[10,18,369,393,98],"class_list":["post-240","post","type-post","status-publish","format-standard","has-post-thumbnail","hentry","category-administracao","category-gestao-de-saude","category-servicos","tag-administracao","tag-amor-e-saude","tag-dia-do-farmaceutico","tag-farmacias","tag-legislacao-laboral"],"_links":{"self":[{"href":"https:\/\/clivux.com\/conteudos\/wp-json\/wp\/v2\/posts\/240","targetHints":{"allow":["GET"]}}],"collection":[{"href":"https:\/\/clivux.com\/conteudos\/wp-json\/wp\/v2\/posts"}],"about":[{"href":"https:\/\/clivux.com\/conteudos\/wp-json\/wp\/v2\/types\/post"}],"author":[{"embeddable":true,"href":"https:\/\/clivux.com\/conteudos\/wp-json\/wp\/v2\/users\/1"}],"replies":[{"embeddable":true,"href":"https:\/\/clivux.com\/conteudos\/wp-json\/wp\/v2\/comments?post=240"}],"version-history":[{"count":0,"href":"https:\/\/clivux.com\/conteudos\/wp-json\/wp\/v2\/posts\/240\/revisions"}],"wp:featuredmedia":[{"embeddable":true,"href":"https:\/\/clivux.com\/conteudos\/wp-json\/wp\/v2\/media\/239"}],"wp:attachment":[{"href":"https:\/\/clivux.com\/conteudos\/wp-json\/wp\/v2\/media?parent=240"}],"wp:term":[{"taxonomy":"category","embeddable":true,"href":"https:\/\/clivux.com\/conteudos\/wp-json\/wp\/v2\/categories?post=240"},{"taxonomy":"post_tag","embeddable":true,"href":"https:\/\/clivux.com\/conteudos\/wp-json\/wp\/v2\/tags?post=240"}],"curies":[{"name":"wp","href":"https:\/\/api.w.org\/{rel}","templated":true}]}}