{"id":238,"date":"2026-03-05T16:01:51","date_gmt":"2026-03-05T16:01:51","guid":{"rendered":"https:\/\/clivux.com\/conteudos\/dia-do-farmaceutico-importancia-e-vantagens-para-empresas\/"},"modified":"2026-03-05T16:01:51","modified_gmt":"2026-03-05T16:01:51","slug":"dia-do-farmaceutico-importancia-e-vantagens-para-empresas","status":"publish","type":"post","link":"https:\/\/clivux.com\/conteudos\/dia-do-farmaceutico-importancia-e-vantagens-para-empresas\/","title":{"rendered":"Dia do Farmac\u00eautico: Import\u00e2ncia e Vantagens Para Empresas"},"content":{"rendered":"<h1>Dia do Farmac\u00eautico: Import\u00e2ncia e Vantagens Para Empresas<\/h1>\n<p>O <strong>dia do farmac\u00eautico<\/strong>, celebrado anualmente em 20 de janeiro, \u00e9 uma data significativa que homenageia os profissionais da farm\u00e1cia. Para empresas, especialmente aquelas que atuam na \u00e1rea de sa\u00fade, entender a import\u00e2ncia desse dia vai muito al\u00e9m da celebra\u00e7\u00e3o. Vamos explorar como essa data impacta o ambiente profissional e os ganhos que ela pode trazer.<\/p>\n<figure>\n          <img decoding=\"async\" src=\"https:\/\/clivux.com\/conteudos\/wp-content\/uploads\/2026\/03\/dia-do-farmaceutico-2.jpg\" alt=\"dia do farmaceutico\" \/><\/p>\n<\/figure>\n<h2>Table of Contents<\/h2>\n<ul>\n<li><a href=\"#o-que-e-dia-do-farmaceutico\">O que \u00e9 o dia do farmac\u00eautico?<\/a><\/li>\n<li><a href=\"#importancia-do-dia-do-farmaceutico\">Por que o dia do farmac\u00eautico \u00e9 importante para empresas?<\/a><\/li>\n<li><a href=\"#vantagens-de-celebrar-o-dia\">Vantagens de fazer o dia do farmac\u00eautico da forma correta<\/a><\/li>\n<li><a href=\"#principais-erros\">Principais erros ao preencher\/usar o dia do farmac\u00eautico (e como evitar)<\/a><\/li>\n<li><a href=\"#aspectos-legais\">Aspectos legais e normas que envolvem o dia do farmac\u00eautico<\/a><\/li>\n<li><a href=\"#perguntas-frequentes\">Perguntas frequentes sobre o dia do farmac\u00eautico<\/a><\/li>\n<li><a href=\"#checklist-final\">Checklist final antes de enviar\/usar o dia do farmac\u00eautico<\/a><\/li>\n<\/ul>\n<h2 id=\"o-que-e-dia-do-farmaceutico\">O que \u00e9 o dia do farmac\u00eautico?<\/h2>\n<p>O <strong>dia do farmac\u00eautico<\/strong> foi institu\u00eddo para reconhecer e celebrar a atua\u00e7\u00e3o dos farmac\u00eauticos no cuidado com a sa\u00fade da popula\u00e7\u00e3o. \u00c9 uma ocasi\u00e3o especial onde se reflete sobre as contribui\u00e7\u00f5es desses profissionais na promo\u00e7\u00e3o do uso seguro e eficaz de medicamentos, al\u00e9m de seu papel na educa\u00e7\u00e3o em sa\u00fade.<\/p>\n<h2 id=\"importancia-do-dia-do-farmaceutico\">Por que o dia do farmac\u00eautico \u00e9 importante para empresas?<\/h2>\n<p>Para os empres\u00e1rios e profissionais da \u00e1rea financeira e administrativa, compreender a import\u00e2ncia do <strong>dia do farmac\u00eautico<\/strong> pode trazer ganhos significativos, como:<\/p>\n<ul>\n<li><strong>Moral e motiva\u00e7\u00e3o:<\/strong> Celebrar a data pode melhorar o ambiente de trabalho e motivar a equipe.<\/li>\n<li><strong>Fortalecimento da imagem:<\/strong> Empresas que valorizam seus profissionais s\u00e3o percebidas positivamente pelo mercado.<\/li>\n<li><strong>Conscientiza\u00e7\u00e3o:<\/strong> O dia permite discutir boas pr\u00e1ticas e promover a educa\u00e7\u00e3o continuada dos colaboradores.<\/li>\n<\/ul>\n<h2 id=\"vantagens-de-celebrar-o-dia\">Vantagens de fazer o dia do farmac\u00eautico da forma correta<\/h2>\n<p>Realizar a\u00e7\u00f5es em torno do <strong>dia do farmac\u00eautico<\/strong> de maneira planejada pode resultar em:<\/p>\n<ul>\n<li>Engajamento da equipe<\/li>\n<li>Educa\u00e7\u00e3o sobre a import\u00e2ncia da farm\u00e1cia cl\u00ednica<\/li>\n<li>Promo\u00e7\u00e3o da sa\u00fade e bem-estar dos colaboradores<\/li>\n<\/ul>\n<h2 id=\"principais-erros\">Principais erros ao preencher\/usar o dia do farmac\u00eautico (e como evitar)<\/h2>\n<p>\u00c9 comum que empres\u00e1rios cometam erros ao tratar eventos como o <strong>dia do farmac\u00eautico<\/strong>. Aqui est\u00e3o alguns erros comuns e como evit\u00e1-los:<\/p>\n<ol>\n<li><strong>Desconsiderar a import\u00e2ncia da promo\u00e7\u00e3o:<\/strong> Muitas empresas n\u00e3o investem em atividades para celebrar a data. Isso pode causar desmotiva\u00e7\u00e3o.<\/li>\n<li><strong>Falta de reconhecimento:<\/strong> N\u00e3o elogiar os farmac\u00eauticos que atuam na empresa pode levar a um baixo moral.<\/li>\n<li><strong>Tornar o evento meramente cerimonial:<\/strong> \u00c9 fundamental que as atividades sejam educativas e informativas.<\/li>\n<\/ol>\n<h2 id=\"aspectos-legais\">Aspectos legais e normas que envolvem o dia do farmac\u00eautico<\/h2>\n<p> Embora a data seja uma celebra\u00e7\u00e3o, existem aspectos legais que devem ser respeitados. Por exemplo, a profiss\u00e3o \u00e9 regulamentada pela <a href=\"https:\/\/www.conselho.farmaceutico.gov.br\">ANVISA<\/a> e requer que os farmac\u00eauticos sigam normas espec\u00edficas para garantir a qualidade nos servi\u00e7os prestados.<\/p>\n<h2 id=\"perguntas-frequentes\">Perguntas frequentes sobre o dia do farmac\u00eautico<\/h2>\n<h3>1. Qual \u00e9 a origem do dia do farmac\u00eautico?<\/h3>\n<p>A data foi institu\u00edda em 20 de janeiro de 1941, no Brasil, como um reconhecimento formal \u00e0 categoria.<\/p>\n<h3>2. Como celebr\u00e1-lo de forma efetiva nas empresas?<\/h3>\n<p>Pode-se realizar palestras, workshops e eventos que envolvam o aprendizado e a conscientiza\u00e7\u00e3o sobre a profiss\u00e3o e seu papel na sa\u00fade.<\/p>\n<h3>3. Quem \u00e9 obrigado a participar das comemora\u00e7\u00f5es?<\/h3>\n<p>Todos os profissionais da \u00e1rea de sa\u00fade, especialmente farmac\u00eauticos, s\u00e3o incentivados a participar.<\/p>\n<h3>4. Quais s\u00e3o os benef\u00edcios de celebrar o dia do farmac\u00eautico?<\/h3>\n<p>Melhora o clima organizacional, promove a valoriza\u00e7\u00e3o do profissional e refor\u00e7a a import\u00e2ncia da farm\u00e1cia no cuidado \u00e0 sa\u00fade.<\/p>\n<h3>5. Qual a melhor maneira de coletar feedback ap\u00f3s o evento?<\/h3>\n<p>Aplicar question\u00e1rios via email ou an\u00f4nimos para coletar opini\u00f5es sobre o evento realizado \u00e9 uma excelente estrat\u00e9gia.<\/p>\n<h2 id=\"checklist-final\">Checklist final antes de enviar\/usar o dia do farmac\u00eautico<\/h2>\n<p>Antes de finalizar as atividades em torno do <strong>dia do farmac\u00eautico<\/strong>, siga este checklist:<\/p>\n<ul>\n<li>Definir as atividades a serem realizadas.<\/li>\n<li>Planejar a comunica\u00e7\u00e3o interna e externa.<\/li>\n<li>Criar materiais informativos e promocionais.<\/li>\n<li>Garantir que todos os participantes estejam cientes da programa\u00e7\u00e3o.<\/li>\n<\/ul>\n<p>Ao considerarmos a relev\u00e2ncia do <strong>dia do farmac\u00eautico<\/strong>, \u00e9 evidente que essa data n\u00e3o deve passar despercebida. As empresas t\u00eam a oportunidade de n\u00e3o apenas reconhecer o trabalho desses profissionais, mas tamb\u00e9m de promover um ambiente que valoriza a sa\u00fade e o bem-estar. Para mais dicas e informa\u00e7\u00f5es, continue acompanhando nosso blog: <a href=\"https:\/\/clivux.com\/conteudos\/\">Clivux<\/a>.<\/p>\n","protected":false},"excerpt":{"rendered":"<p>Entenda como o dia do farmac\u00eautico impacta empresas e a import\u00e2ncia de celebr\u00e1-lo corretamente.<\/p>\n","protected":false},"author":1,"featured_media":237,"comment_status":"open","ping_status":"open","sticky":false,"template":"","format":"standard","meta":{"footnotes":""},"categories":[65,69,339],"tags":[133,180,369,370,26],"class_list":["post-238","post","type-post","status-publish","format-standard","has-post-thumbnail","hentry","category-administracao-empresarial","category-financeiro","category-gestao-de-saude","tag-administracao-de-empresas","tag-desvantagens-da-medicina","tag-dia-do-farmaceutico","tag-importancia-do-farmaceutico","tag-saude-empresarial"],"_links":{"self":[{"href":"https:\/\/clivux.com\/conteudos\/wp-json\/wp\/v2\/posts\/238","targetHints":{"allow":["GET"]}}],"collection":[{"href":"https:\/\/clivux.com\/conteudos\/wp-json\/wp\/v2\/posts"}],"about":[{"href":"https:\/\/clivux.com\/conteudos\/wp-json\/wp\/v2\/types\/post"}],"author":[{"embeddable":true,"href":"https:\/\/clivux.com\/conteudos\/wp-json\/wp\/v2\/users\/1"}],"replies":[{"embeddable":true,"href":"https:\/\/clivux.com\/conteudos\/wp-json\/wp\/v2\/comments?post=238"}],"version-history":[{"count":0,"href":"https:\/\/clivux.com\/conteudos\/wp-json\/wp\/v2\/posts\/238\/revisions"}],"wp:featuredmedia":[{"embeddable":true,"href":"https:\/\/clivux.com\/conteudos\/wp-json\/wp\/v2\/media\/237"}],"wp:attachment":[{"href":"https:\/\/clivux.com\/conteudos\/wp-json\/wp\/v2\/media?parent=238"}],"wp:term":[{"taxonomy":"category","embeddable":true,"href":"https:\/\/clivux.com\/conteudos\/wp-json\/wp\/v2\/categories?post=238"},{"taxonomy":"post_tag","embeddable":true,"href":"https:\/\/clivux.com\/conteudos\/wp-json\/wp\/v2\/tags?post=238"}],"curies":[{"name":"wp","href":"https:\/\/api.w.org\/{rel}","templated":true}]}}