{"id":236,"date":"2026-03-05T11:01:47","date_gmt":"2026-03-05T11:01:47","guid":{"rendered":"https:\/\/clivux.com\/conteudos\/dia-do-farmaceutico-a-importancia-e-como-celebrar\/"},"modified":"2026-03-05T11:01:47","modified_gmt":"2026-03-05T11:01:47","slug":"dia-do-farmaceutico-a-importancia-e-como-celebrar","status":"publish","type":"post","link":"https:\/\/clivux.com\/conteudos\/dia-do-farmaceutico-a-importancia-e-como-celebrar\/","title":{"rendered":"Dia do Farmac\u00eautico: A Import\u00e2ncia e Como Celebrar"},"content":{"rendered":"<h1>Dia do Farmac\u00eautico: A Import\u00e2ncia e Como Celebrar<\/h1>\n<p>Em todo Brasil, o <strong>dia do farmac\u00eautico<\/strong> \u00e9 uma data especial que reconhece a import\u00e2ncia desses profissionais na sa\u00fade p\u00fablica e na administra\u00e7\u00e3o de medicamentos. Mas o que exatamente \u00e9 essa data, e como ela pode impactar a sua empresa? Neste artigo, abordaremos tudo sobre o dia do farmac\u00eautico, desde a sua origem at\u00e9 a import\u00e2ncia dessa celebra\u00e7\u00e3o para os neg\u00f3cios e a legisla\u00e7\u00e3o relacionada.<\/p>\n<figure>\n          <img decoding=\"async\" src=\"https:\/\/clivux.com\/conteudos\/wp-content\/uploads\/2026\/03\/dia-do-farmaceutico-1.jpg\" alt=\"dia do farmaceutico\" \/><\/p>\n<\/figure>\n<h2>O que \u00e9 o Dia do Farmac\u00eautico?<\/h2>\n<p>O <strong>dia do farmac\u00eautico<\/strong> \u00e9 comemorado no dia 20 de janeiro no Brasil. Esta data foi escolhida para homenagear todos os profissionais da \u00e1rea farmac\u00eautica, destacando seu papel fundamental na promo\u00e7\u00e3o da sa\u00fade e bem-estar da popula\u00e7\u00e3o. Os farmac\u00eauticos s\u00e3o respons\u00e1veis n\u00e3o apenas pela manipula\u00e7\u00e3o de medicamentos, mas tamb\u00e9m pela orienta\u00e7\u00e3o aos pacientes sobre o uso correto e seguro dos mesmos.<\/p>\n<h2>Quando Surgiu o Dia do Farmac\u00eautico?<\/h2>\n<p>A origem do dia do farmac\u00eautico remonta ao ano de 1941, com a cria\u00e7\u00e3o da primeira farm\u00e1cia no Brasil. A data oficializou-se em 1973, atrav\u00e9s da Lei n\u00ba 6.437, que reconheceu a import\u00e2ncia dos farmac\u00eauticos na sociedade. Desde ent\u00e3o, essa comemora\u00e7\u00e3o tem se tornado um momento para refletir sobre o impacto positivo desses profissionais na sa\u00fade dos brasileiros.<\/p>\n<h2>Por que o Dia do Farmac\u00eautico \u00e9 Importante para Empresas?<\/h2>\n<p>Comemorar o <strong>dia do farmac\u00eautico<\/strong> \u00e9 uma oportunidade para as empresas reconhec\u00ea-los como pe\u00e7as-chave na sua opera\u00e7\u00e3o. Alguns pontos que evidenciam sua import\u00e2ncia incluem:<\/p>\n<ul>\n<li><strong>Reconhecimento Profissional:<\/strong> Valorizar os farmac\u00eauticos promove uma cultura organizacional saud\u00e1vel, contribuindo para a satisfa\u00e7\u00e3o e reten\u00e7\u00e3o de talentos.<\/li>\n<li><strong>Relacionamento com Clientes:<\/strong> Agradecer os farmac\u00eauticos fortalece a rela\u00e7\u00e3o da empresa com seus clientes, mostrando compromisso com a sa\u00fade e seguran\u00e7a deles.<\/li>\n<li><strong>Crescimento do Neg\u00f3cio:<\/strong> Uma equipe bem treinada e valorizada pode impactar positivamente nas vendas e imagem da empresa.<\/li>\n<\/ul>\n<h2>Como Funciona a Comemora\u00e7\u00e3o do Dia do Farmac\u00eautico?<\/h2>\n<p>A celebra\u00e7\u00e3o do <strong>dia do farmac\u00eautico<\/strong> pode incluir diversas atividades, como:<\/p>\n<ul>\n<li>Palestras sobre a import\u00e2ncia da farm\u00e1cia e do papel do farmac\u00eautico na sa\u00fade p\u00fablica.<\/li>\n<li>Oficinas de orienta\u00e7\u00e3o sobre o uso seguro de medicamentos para os clientes.<\/li>\n<li>Promo\u00e7\u00f5es em farm\u00e1cias locais, incentivando a aquisi\u00e7\u00e3o de produtos e o reconhecimento dos profissionais.<\/li>\n<\/ul>\n<h2>Aspectos Legais e Normas que Envolvem o Dia do Farmac\u00eautico<\/h2>\n<p>\u00c9 importante que as empresas estejam cientes das obriga\u00e7\u00f5es legais relacionadas ao <strong>dia do farmac\u00eautico<\/strong>. Por exemplo, a lei que regulamenta a profiss\u00e3o estabelece que o farmac\u00eautico deve estar sempre atualizado e preparado para oferecer os melhores servi\u00e7os \u00e0 popula\u00e7\u00e3o.<\/p>\n<p>Al\u00e9m disso, tamb\u00e9m \u00e9 necess\u00e1rio garantir que a apresenta\u00e7\u00e3o de documentos e registros esteja de acordo com as normas da Vigil\u00e2ncia Sanit\u00e1ria, como o site do <a href=\"https:\/\/www.gov.br\/anvisa\/pt-br\">ANVISA<\/a> pode orientar.<\/p>\n<h2>Quais Dados Deve Conter o Dia do Farmac\u00eautico?<\/h2>\n<p>Ao elaborar campanhas ou produtos para o <strong>dia do farmac\u00eautico<\/strong>, \u00e9 essencial incluir informa\u00e7\u00f5es relevantes, tais como:<\/p>\n<ul>\n<li>Nome do profissional e n\u00famero de registro no CRM.<\/li>\n<li>Informa\u00e7\u00f5es sobre a farm\u00e1cia ou institui\u00e7\u00e3os em que atuam.<\/li>\n<li>Dados de contato para consultas e orienta\u00e7\u00e3o.<\/li>\n<\/ul>\n<h2>Vantagens de Fazer o Dia do Farmac\u00eautico da Forma Correta<\/h2>\n<p>Realizar a comemora\u00e7\u00e3o do <strong>dia do farmac\u00eautico<\/strong> de forma correta traz m\u00faltiplas vantagens:<\/p>\n<ol>\n<li>Aumento da credibilidade da farm\u00e1cia ou empresa.<\/li>\n<li>Fideliza\u00e7\u00e3o de clientes.<\/li>\n<li>Promo\u00e7\u00e3o de um ambiente de trabalho saud\u00e1vel.<\/li>\n<\/ol>\n<h2>Principais Erros ao Preencher\/Usar o Dia do Farmac\u00eautico (e como evitar)<\/h2>\n<p>Alguns erros recorrentes na comemora\u00e7\u00e3o do <strong>dia do farmac\u00eautico<\/strong> incluem a falta de planejamento e a n\u00e3o valoriza\u00e7\u00e3o destes profissionais. Para evitar complica\u00e7\u00f5es:<\/p>\n<ul>\n<li>Planeje campanhas com anteced\u00eancia.<\/li>\n<li>Inclua todos os farmac\u00eauticos da equipe nas a\u00e7\u00f5es.<\/li>\n<\/ul>\n<h2>Como Automatizar ou Facilitar a Rotina com o Dia do Farmac\u00eautico?<\/h2>\n<p>A tecnologia pode ser uma grande aliada na administra\u00e7\u00e3o das obriga\u00e7\u00f5es referentes ao <strong>dia do farmac\u00eautico<\/strong>. Considere investir em software de gest\u00e3o que ofere\u00e7a:<\/p>\n<ul>\n<li>Controle de estoque de medicamentos.<\/li>\n<li>Gest\u00e3o de prescri\u00e7\u00f5es e receitas.<\/li>\n<li>Relat\u00f3rios autom\u00e1ticos sobre a atua\u00e7\u00e3o dos farmac\u00eauticos.<\/li>\n<\/ul>\n<p>Al\u00e9m disso, <a href=\"https:\/\/www.exemplo.com.br\/softwareparaautomatizacao\">links para softwares de gest\u00e3o<\/a> podem ser muito \u00fateis para facilitar o dia a dia das empresas.<\/p>\n<h2>Exemplos Pr\u00e1ticos de Uso do Dia do Farmac\u00eautico no Dia a Dia da Empresa<\/h2>\n<p>Uma farm\u00e1cia, por exemplo, pode celebrar o <strong>dia do farmac\u00eautico<\/strong> com eventos abertos ao p\u00fablico, palestras sobre o uso consciente de medicamentos e at\u00e9 mesmo sess\u00f5es de esclarecimento.<\/p>\n<h2>Checklist Final Antes de Enviar\/Usar o Dia do Farmac\u00eautico<\/h2>\n<p>Para garantir que tudo esteja perfeito no <strong>dia do farmac\u00eautico<\/strong>, siga este checklist:<\/p>\n<ol>\n<li>Planejamento de atividades.<\/li>\n<li>Comunica\u00e7\u00e3o com a equipe.<\/li>\n<li>Material publicit\u00e1rio pronto.<\/li>\n<\/ol>\n<h2>Perguntas Frequentes (FAQ) sobre Dia do Farmac\u00eautico<\/h2>\n<h3>1. O que \u00e9 o Dia do Farmac\u00eautico?<\/h3>\n<p>\u00c9 a data em que se homenageia os profissionais da farm\u00e1cia, celebrado em 20 de janeiro.<\/p>\n<h3>2. Quais s\u00e3o os benef\u00edcios para as empresas?<\/h3>\n<p>Reconhecimento dos farmac\u00eauticos e melhoria na rela\u00e7\u00e3o com clientes.<\/p>\n<h3>3. Como posso comemorar o Dia do Farmac\u00eautico em minha empresa?<\/h3>\n<p>Organizando eventos, palestras e promo\u00e7\u00f5es.<\/p>\n<h3>4. Quais documentos devem ser apresentados?<\/h3>\n<p>Registro no CRM e informa\u00e7\u00f5es da farm\u00e1cia.<\/p>\n<h3>5. Que erros devo evitar?<\/h3>\n<p>Planejamento inadequado e falta de engajamento da equipe.<\/p>\n<h2>Conclus\u00e3o<\/h2>\n<p>Comemorar o <strong>dia do farmac\u00eautico<\/strong> n\u00e3o \u00e9 apenas uma formalidade, mas uma forma de valorizar esses profissionais fundamentais para a sa\u00fade p\u00fablica. Se voc\u00ea deseja transformar essa data em uma oportunidade de neg\u00f3cios e reconhecimento, comece seu planejamento agora!<\/p>\n<p>Entre em contato conosco na <a href=\"https:\/\/clivux.com\">Clivux<\/a> para mais dicas e informa\u00e7\u00f5es sobre gest\u00e3o e reconhecimento profissional!<\/p>\n","protected":false},"excerpt":{"rendered":"<p>Entenda o significado do dia do farmaceutico e a import\u00e2ncia dessa celebra\u00e7\u00e3o para a sua empresa. Clique e descubra mais!<\/p>\n","protected":false},"author":1,"featured_media":235,"comment_status":"open","ping_status":"open","sticky":false,"template":"","format":"standard","meta":{"footnotes":""},"categories":[390,33,58],"tags":[226,369,391,40,370],"class_list":["post-236","post","type-post","status-publish","format-standard","has-post-thumbnail","hentry","category-farmacia","category-gestao-empresarial","category-legislacao","tag-celebracao","tag-dia-do-farmaceutico","tag-farmacia-no-brasil","tag-gestao-empresarial","tag-importancia-do-farmaceutico"],"_links":{"self":[{"href":"https:\/\/clivux.com\/conteudos\/wp-json\/wp\/v2\/posts\/236","targetHints":{"allow":["GET"]}}],"collection":[{"href":"https:\/\/clivux.com\/conteudos\/wp-json\/wp\/v2\/posts"}],"about":[{"href":"https:\/\/clivux.com\/conteudos\/wp-json\/wp\/v2\/types\/post"}],"author":[{"embeddable":true,"href":"https:\/\/clivux.com\/conteudos\/wp-json\/wp\/v2\/users\/1"}],"replies":[{"embeddable":true,"href":"https:\/\/clivux.com\/conteudos\/wp-json\/wp\/v2\/comments?post=236"}],"version-history":[{"count":0,"href":"https:\/\/clivux.com\/conteudos\/wp-json\/wp\/v2\/posts\/236\/revisions"}],"wp:featuredmedia":[{"embeddable":true,"href":"https:\/\/clivux.com\/conteudos\/wp-json\/wp\/v2\/media\/235"}],"wp:attachment":[{"href":"https:\/\/clivux.com\/conteudos\/wp-json\/wp\/v2\/media?parent=236"}],"wp:term":[{"taxonomy":"category","embeddable":true,"href":"https:\/\/clivux.com\/conteudos\/wp-json\/wp\/v2\/categories?post=236"},{"taxonomy":"post_tag","embeddable":true,"href":"https:\/\/clivux.com\/conteudos\/wp-json\/wp\/v2\/tags?post=236"}],"curies":[{"name":"wp","href":"https:\/\/api.w.org\/{rel}","templated":true}]}}