{"id":234,"date":"2026-03-04T16:01:46","date_gmt":"2026-03-04T16:01:46","guid":{"rendered":"https:\/\/clivux.com\/conteudos\/dia-do-farmaceutico-por-que-celebra-lo-e-crucial-para-empresas\/"},"modified":"2026-03-04T16:01:46","modified_gmt":"2026-03-04T16:01:46","slug":"dia-do-farmaceutico-por-que-celebra-lo-e-crucial-para-empresas","status":"publish","type":"post","link":"https:\/\/clivux.com\/conteudos\/dia-do-farmaceutico-por-que-celebra-lo-e-crucial-para-empresas\/","title":{"rendered":"Dia do Farmac\u00eautico: Por Que Celebr\u00e1-lo \u00c9 Crucial para Empresas"},"content":{"rendered":"<h1>Dia do Farmac\u00eautico: Por Que Celebr\u00e1-lo \u00c9 Crucial para Empresas<\/h1>\n<p>O dia do farmac\u00eautico \u00e9 uma data especial que visa homenagear os profissionais que desempenham um papel essencial na sa\u00fade p\u00fablica e na ind\u00fastria farmac\u00eautica. Comemorado em 20 de janeiro, esse dia oferece uma oportunidade \u00fanica para as empresas reconhecerem a import\u00e2ncia desses profissionais e como podem contribuir para a melhoria do ambiente de trabalho e sa\u00fade dos colaboradores.<\/p>\n<figure>\n          <img decoding=\"async\" src=\"https:\/\/clivux.com\/conteudos\/wp-content\/uploads\/2026\/03\/dia-do-farmaceutico.jpg\" alt=\"dia do farmaceutico\" \/><\/p>\n<\/figure>\n<h2>O que \u00e9 o Dia do Farmac\u00eautico?<\/h2>\n<p>O dia do farmac\u00eautico \u00e9 celebrado no Brasil em 20 de janeiro. Nessa data, as institui\u00e7\u00f5es e empresas ligadas ao setor farmac\u00eautico realizam atividades e homenagens que destacam a contribui\u00e7\u00e3o desses profissionais na sociedade. Desde a orienta\u00e7\u00e3o sobre medicamentos at\u00e9 a promo\u00e7\u00e3o de campanhas de sa\u00fade, os farmac\u00eauticos est\u00e3o sempre em destaque.<\/p>\n<h2>Quando surgiu o Dia do Farmac\u00eautico?<\/h2>\n<p>A data foi institu\u00edda em homenagem ao farmac\u00eautico e professor Luiz de Souza Lima, um importante nome na hist\u00f3ria da farm\u00e1cia brasileira. A escolha da data tamb\u00e9m reflete a import\u00e2ncia do papel do farmac\u00eautico na sociedade, seja como profissional de sa\u00fade ou como empres\u00e1rio no setor. Para saber mais sobre a origem, voc\u00ea pode acessar <a href=\"https:\/\/www.wikiwand.com\/pt\/Dia_do_Farmac\u00eautico\">este artigo espec\u00edfico na Wikiwand<\/a>.<\/p>\n<h2>Por que o Dia do Farmac\u00eautico \u00e9 Importante para Empresas?<\/h2>\n<p>Celebrar o dia do farmac\u00eautico n\u00e3o \u00e9 apenas uma quest\u00e3o de honra. \u00c9 uma oportunidade para empresas refor\u00e7arem seu compromisso com a sa\u00fade e o bem-estar dos seus colaboradores. Isso pode gerar um ambiente mais saud\u00e1vel, promovendo melhorias na produtividade e bem-estar, al\u00e9m de contribuir para uma cultura organizacional positiva.<\/p>\n<h2>Vantagens de Celebrar o Dia do Farmac\u00eautico da Forma Correta<\/h2>\n<ul>\n<li><strong>Reconhecimento Profissional:<\/strong> Aumenta a moral dos colaboradores e incentiva a valoriza\u00e7\u00e3o das profiss\u00f5es ligadas \u00e0 sa\u00fade.<\/li>\n<li><strong>Promo\u00e7\u00e3o da Sa\u00fade:<\/strong> Empresas podem promover campanhas de sa\u00fade e bem-estar, impactando diretamente na qualidade de vida dos colaboradores.<\/li>\n<li><strong>Networking:<\/strong> O evento pode servir como um espa\u00e7o para networking entre profissionais da \u00e1rea e empresas do setor.<\/li>\n<\/ul>\n<h2>Como Funciona o Dia do Farmac\u00eautico nas Empresas?<\/h2>\n<p>As empresas podem organizar uma s\u00e9rie de atividades, como palestras sobre sa\u00fade, distribui\u00e7\u00e3o de brindes, e at\u00e9 mesmo workshops sobre o uso seguro de medicamentos. Al\u00e9m disso, \u00e9 uma oportunidade para que as equipes se sintam valorizadas e reconhecidas pelo seu trabalho.<\/p>\n<h2>Checklist Final Antes de Comemorar o Dia do Farmac\u00eautico<\/h2>\n<ul>\n<li>Organizar atividades de conscientiza\u00e7\u00e3o sobre sa\u00fade.<\/li>\n<li>Reconhecer os profissionais da empresa.<\/li>\n<li>Produzir materiais informativos sobre o papel dos farmac\u00eauticos.<\/li>\n<li>Engajar os colaboradores na celebra\u00e7\u00e3o.<\/li>\n<\/ul>\n<h2>Exemplos Pr\u00e1ticos de Uso do Dia do Farmac\u00eautico no Dia a Dia da Empresa<\/h2>\n<p>Empresas podem implementar campanhas de sa\u00fade, como testes para hipertens\u00e3o ou diabetes, e campanhas educativas sobre o uso correto de medicamentos. Isso demonstra n\u00e3o apenas cuidado com a sa\u00fade, mas tamb\u00e9m respeito pela expertise dos farmac\u00eauticos.<\/p>\n<h2>Aspectos Legais e Normas que Envolvem o Dia do Farmac\u00eautico<\/h2>\n<p>Segundo a legisla\u00e7\u00e3o brasileira, \u00e9 dever das empresas reconhecerem a contribui\u00e7\u00e3o dos farmac\u00eauticos, seguindo as normas estabelecidas pelo <a href=\"https:\/\/www.gov.br\/anvisa\/\">ANVISA<\/a> e pelo <a href=\"https:\/\/www.cff.org.br\/\">Conselho Federal de Farm\u00e1cia<\/a>.<\/p>\n<h2>Perguntas Frequentes (FAQ) sobre o Dia do Farmac\u00eautico<\/h2>\n<h3>1. O que o Dia do Farmac\u00eautico representa?<\/h3>\n<p>\u00c9 uma data que homenageia os profissionais farmac\u00eauticos, reconhecendo sua import\u00e2ncia para a sa\u00fade p\u00fablica.<\/p>\n<h3>2. Como as empresas podem celebrar essa data?<\/h3>\n<p>Atrav\u00e9s de eventos, campanhas de sa\u00fade, e reconhecimentos internos.<\/p>\n<h3>3. Qual \u00e9 a origem do Dia do Farmac\u00eautico?<\/h3>\n<p>A data foi estabelecida em homenagem ao farmac\u00eautico Luiz de Souza Lima.<\/p>\n<h3>4. Por que essa celebra\u00e7\u00e3o \u00e9 importante?<\/h3>\n<p>Para valorizar os profissionais e promover um ambiente de sa\u00fade e bem-estar.<\/p>\n<h3>5. Existem aspectos legais a serem seguidos nessa celebra\u00e7\u00e3o?<\/h3>\n<p>Sim, as empresas devem seguir normas da ANVISA e do conselho de farm\u00e1cia.<\/p>\n<h3>6. Que tipos de atividades podem ser realizadas?<\/h3>\n<p>Palestras, workshops, e atividades de sa\u00fade s\u00e3o bem-vindas.<\/p>\n<h3>7. Qual o impacto positivo disso nas empresas?<\/h3>\n<p>Maior moral dos colaboradores e ambientes de trabalho melhores.<\/p>\n<h3>8. Como os farmac\u00eauticos podem ser mais valorizados?<\/h3>\n<p>Pelo reconhecimento do seu trabalho e disponibiliza\u00e7\u00e3o de oportunidades.<\/h3>\n<h3>9. Quem deve estar envolvido na celebra\u00e7\u00e3o?<\/h3>\n<p>Todos os colaboradores podem participar; o foco \u00e9 a valoriza\u00e7\u00e3o da sa\u00fade.<\/h3>\n<h3>10. Onde posso encontrar mais informa\u00e7\u00f5es?<\/h3>\n<p>No site do <a href=\"https:\/\/www.cff.org.br\/\">Conselho Federal de Farm\u00e1cia<\/a> e em outras institui\u00e7\u00f5es referentes \u00e0 sa\u00fade.<\/p>\n<p>Em resumo, o dia do farmac\u00eautico \u00e9 mais do que uma simples data no calend\u00e1rio. \u00c9 uma oportunidade inestim\u00e1vel para as empresas valorizarem e reconhecerem a contribui\u00e7\u00e3o de seus farmac\u00eauticos, promovendo a sa\u00fade e o bem-estar no ambiente de trabalho. Ao adotar a\u00e7\u00f5es pr\u00e1ticas e significativas, voc\u00ea n\u00e3o apenas fortalece a moral da sua equipe, mas tamb\u00e9m melhora a cultura organizacional da sua empresa. Celebre o dia do farmac\u00eautico e fa\u00e7a a diferen\u00e7a!<\/p>\n","protected":false},"excerpt":{"rendered":"<p>Entenda a import\u00e2ncia do dia do farmac\u00eautico e como essa data pode impactar sua empresa. Saiba mais sobre o dia do farmac\u00eautico agora!<\/p>\n","protected":false},"author":1,"featured_media":233,"comment_status":"open","ping_status":"open","sticky":false,"template":"","format":"standard","meta":{"footnotes":""},"categories":[4,41,339],"tags":[388,386,369,387,370,372,389],"class_list":["post-234","post","type-post","status-publish","format-standard","has-post-thumbnail","hentry","category-administracao","category-empreendedorismo","category-gestao-de-saude","tag-administracao-farmaceutica","tag-datas-comemorativas-brasil","tag-dia-do-farmaceutico","tag-homenagem-a-farmaceuticos","tag-importancia-do-farmaceutico","tag-profissao-farmaceutica","tag-setor-farmaceutico"],"_links":{"self":[{"href":"https:\/\/clivux.com\/conteudos\/wp-json\/wp\/v2\/posts\/234","targetHints":{"allow":["GET"]}}],"collection":[{"href":"https:\/\/clivux.com\/conteudos\/wp-json\/wp\/v2\/posts"}],"about":[{"href":"https:\/\/clivux.com\/conteudos\/wp-json\/wp\/v2\/types\/post"}],"author":[{"embeddable":true,"href":"https:\/\/clivux.com\/conteudos\/wp-json\/wp\/v2\/users\/1"}],"replies":[{"embeddable":true,"href":"https:\/\/clivux.com\/conteudos\/wp-json\/wp\/v2\/comments?post=234"}],"version-history":[{"count":0,"href":"https:\/\/clivux.com\/conteudos\/wp-json\/wp\/v2\/posts\/234\/revisions"}],"wp:featuredmedia":[{"embeddable":true,"href":"https:\/\/clivux.com\/conteudos\/wp-json\/wp\/v2\/media\/233"}],"wp:attachment":[{"href":"https:\/\/clivux.com\/conteudos\/wp-json\/wp\/v2\/media?parent=234"}],"wp:term":[{"taxonomy":"category","embeddable":true,"href":"https:\/\/clivux.com\/conteudos\/wp-json\/wp\/v2\/categories?post=234"},{"taxonomy":"post_tag","embeddable":true,"href":"https:\/\/clivux.com\/conteudos\/wp-json\/wp\/v2\/tags?post=234"}],"curies":[{"name":"wp","href":"https:\/\/api.w.org\/{rel}","templated":true}]}}