{"id":226,"date":"2026-03-02T16:01:56","date_gmt":"2026-03-02T16:01:56","guid":{"rendered":"https:\/\/clivux.com\/conteudos\/dia-do-farmaceutico-celebrando-a-profissao-em-2023\/"},"modified":"2026-03-02T16:01:56","modified_gmt":"2026-03-02T16:01:56","slug":"dia-do-farmaceutico-celebrando-a-profissao-em-2023","status":"publish","type":"post","link":"https:\/\/clivux.com\/conteudos\/dia-do-farmaceutico-celebrando-a-profissao-em-2023\/","title":{"rendered":"Dia do farmac\u00eautico: Celebrando a Profiss\u00e3o em 2023"},"content":{"rendered":"<h1>Dia do farmac\u00eautico: Celebrando a Profiss\u00e3o em 2023<\/h1>\n<p>O <strong>dia do farmac\u00eautico<\/strong> \u00e9 uma data que homenageia os profissionais que atuam na farm\u00e1cia e na sa\u00fade, reconhecendo sua import\u00e2ncia no sistema de sa\u00fade brasileiro. Este dia \u00e9 celebrado anualmente em <strong>25 de janeiro<\/strong>, e seu objetivo \u00e9 valorizar a contribui\u00e7\u00e3o desses profissionais no cuidado com a sa\u00fade da popula\u00e7\u00e3o.<\/p>\n<figure>\n          <img decoding=\"async\" src=\"https:\/\/clivux.com\/conteudos\/wp-content\/uploads\/2026\/03\/dia-do-farmacutico.jpg\" alt=\"dia do farmac\u00eautico\" \/><\/p>\n<\/figure>\n<h2>O que \u00e9 o dia do farmac\u00eautico?<\/h2>\n<p>O dia do farmac\u00eautico \u00e9 uma data comemorativa que visa reconhecer os servi\u00e7os prestados por farmac\u00eauticos e farm\u00e1cias \u00e0 sociedade. \u00c9 uma oportunidade para que os profissionais reflitam sobre a import\u00e2ncia de seu papel na promo\u00e7\u00e3o da sa\u00fade e bem-estar das pessoas. Al\u00e9m disso, \u00e9 uma chance para que as empresas do setor da sa\u00fade celebrem suas conquistas e a relev\u00e2ncia que os farmac\u00eauticos t\u00eam em suas opera\u00e7\u00f5es.<\/p>\n<p><h2>Quando surgiu o dia do farmac\u00eautico?<\/h2>\n<p>A data foi estabelecida em <strong>1940<\/strong>, quando a profiss\u00e3o come\u00e7ou a se consolidar no Brasil. Desde ent\u00e3o, o <strong>dia do farmac\u00eautico<\/strong> \u00e9 celebrado anualmente, trazendo \u00e0 tona discuss\u00f5es importantes sobre a atua\u00e7\u00e3o desses profissionais e suas responsabilidades no mercado de trabalho.<\/p>\n<h2>Por que o dia do farmac\u00eautico \u00e9 importante para empresas?<\/h2>\n<p>O <strong>dia do farmac\u00eautico<\/strong> \u00e9 relevante n\u00e3o apenas para os profissionais da \u00e1rea, mas tamb\u00e9m para as empresas do setor. Aqui est\u00e3o algumas raz\u00f5es para isso:<\/p>\n<ul>\n<li><strong>Reconhecimento:<\/strong> Celebrar esta data \u00e9 uma maneira de reconhecer publicamente o trabalho dos farmac\u00eauticos e valorizar sua contribui\u00e7\u00e3o.<\/li>\n<li><strong>Relacionamento:<\/strong> Adata oferece uma oportunidade para fortalecer relacionamentos com clientes e parceiros atrav\u00e9s de a\u00e7\u00f5es de marketing e eventos.<\/li>\n<li><strong>Educa\u00e7\u00e3o:<\/strong> Promover palestras e workshops no dia do farmac\u00eautico pode ajudar a educar a popula\u00e7\u00e3o sobre a import\u00e2ncia do uso correto de medicamentos.<\/li>\n<li><strong>Engajamento:<\/strong> Oferecer benef\u00edcios e comemora\u00e7\u00f5es aos funcion\u00e1rios pode aumentar o engajamento e a motiva\u00e7\u00e3o da equipe farmac\u00eautica.<\/li>\n<\/ul>\n<h2>Vantagens de fazer o dia do farmac\u00eautico da forma correta<\/h2>\n<p>Fazer uma celebra\u00e7\u00e3o do <strong>dia do farmac\u00eautico<\/strong> de forma adequada pode trazer diversas vantagens para sua empresa:<\/p>\n<ol>\n<li><strong>Aumento da visibilidade:<\/strong> Um evento bem organizado pode atrair a aten\u00e7\u00e3o da m\u00eddia e mostrar sua empresa como refer\u00eancia no setor.<\/li>\n<li><strong>Networking:<\/strong> Eventos trazem profissionais do setor juntos, gerando novas oportunidades de neg\u00f3cios.<\/li>\n<li><strong>Aumento da fideliza\u00e7\u00e3o:<\/strong> Clientes que se sentem valorizados tendem a permanecer fi\u00e9is \u00e0 sua empresa.<\/li>\n<\/ol>\n<h2>Principais erros ao preencher\/usar o dia do farmac\u00eautico (e como evitar)<\/h2>\n<p>Muitos profissionais e empresas cometem erros ao planejar ou celebrar o <strong>dia do farmac\u00eautico<\/strong>. Aqui est\u00e3o alguns dos principais erros e como evit\u00e1-los:<\/p>\n<ul>\n<li><strong>N\u00e3o divulgar adequadamente:<\/strong> A falta de uma boa divulga\u00e7\u00e3o pode resultar em baixa participa\u00e7\u00e3o. Use redes sociais e canais de marketing para alcan\u00e7ar seu p\u00fablico.<\/li>\n<li><strong>Ignorar a relev\u00e2ncia do evento:<\/strong> \u00c9 crucial destacar a import\u00e2ncia do farmac\u00eautico na sa\u00fade. Fa\u00e7a palestras e workshops para educar as pessoas.<\/li>\n<li><strong>Falta de planejamento:<\/strong> Organiza\u00e7\u00e3o \u00e9 essencial. Crie um cronograma com anteced\u00eancia e defina claramente seus objetivos.<\/li>\n<\/ul>\n<h2>Check-list final antes de enviar\/usar o dia do farmac\u00eautico<\/h2>\n<p>Antes de celebrar o <strong>dia do farmac\u00eautico<\/strong>, tenha certeza de que tudo est\u00e1 pronto. Aqui est\u00e1 um check-list pr\u00e1tico:<\/p>\n<ul>\n<li>Definir a data e hor\u00e1rio.<\/li>\n<li>Escolher um local apropriado.<\/li>\n<li>Preparar materiais informativos sobre o papel do farmac\u00eautico.<\/li>\n<li>Divulgar o evento atrav\u00e9s de e-mails e redes sociais.<\/li>\n<li>Contratar fornecedores, se necess\u00e1rio.<\/li>\n<li>Cuidar da log\u00edstica de equipamentos, como projetores e microfones.<\/li>\n<\/ul>\n<h2>Como automatizar ou facilitar a rotina com dia do farmac\u00eautico<\/h2>\n<p>A automa\u00e7\u00e3o pode simplificar a forma como sua empresa celebra o <strong>dia do farmac\u00eautico<\/strong>.<\/p>\n<p>Considere usar:<\/p>\n<ul>\n<li>Planilhas para acompanhar a organiza\u00e7\u00e3o do evento.<\/li>\n<li>Sistemas de gest\u00e3o para enviar e-mails autom\u00e1ticos aos participantes.<\/li>\n<li>Aplicativos de redes sociais para agendar postagens sobre o evento.<\/li>\n<\/ul>\n<h2>Perguntas frequentes (FAQ) sobre dia do farmac\u00eautico<\/h2>\n<h3>1. Qual \u00e9 a origem do dia do farmac\u00eautico?<\/h3>\n<p>O <strong>dia do farmac\u00eautico<\/strong> foi estabelecido em 1940, reconhecendo a import\u00e2ncia da profiss\u00e3o no Brasil.<\/p>\n<h3>2. Como posso celebrar o dia do farmac\u00eautico em minha empresa?<\/h3>\n<p>Promova eventos de reconhecimento e informa\u00e7\u00e3o, como palestras e workshops voltados para a conscientiza\u00e7\u00e3o sobre o papel do farmac\u00eautico.<\/p>\n<h3>3. Qual a import\u00e2ncia do farmac\u00eautico no sistema de sa\u00fade?<\/h3>\n<p>Os farmac\u00eauticos desempenham um papel crucial no manejo de medicamentos e cuidado ao paciente, contribuindo para a sa\u00fade p\u00fablica.<\/p>\n<h3>4. Quais tipos de eventos s\u00e3o apropriados para o dia do farmac\u00eautico?<\/h3>\n<p>Confer\u00eancias, workshops, campanhas de conscientiza\u00e7\u00e3o e promo\u00e7\u00f5es em farm\u00e1cias s\u00e3o \u00f3timas op\u00e7\u00f5es.<\/p>\n<h3>5. Como a empresa pode se beneficiar de a\u00e7\u00f5es no dia do farmac\u00eautico?<\/h3>\n<p>Al\u00e9m de fortalecer sua imagem institucional, isso pode aumentar a fideliza\u00e7\u00e3o de clientes e melhorar o engajamento da equipe.<\/p>\n<h2>Conclus\u00e3o<\/h2>\n<p>O <strong>dia do farmac\u00eautico<\/strong> \u00e9 uma data especial que deve ser celebrada com entusiasmo. Para empresas e profissionais, \u00e9 uma oportunidade de refletir sobre a import\u00e2ncia da profiss\u00e3o e buscar maneiras de engajar a popula\u00e7\u00e3o na valoriza\u00e7\u00e3o do servi\u00e7o farmac\u00eautico. Ao seguir as dicas e informa\u00e7\u00f5es apresentadas neste artigo, voc\u00ea poder\u00e1 fazer deste dia uma data significativa tanto para a sua empresa quanto para a sociedade.<\/p>\n<p>Para mais dicas sobre como gerir seu neg\u00f3cio de forma eficaz, n\u00e3o deixe de visitar o nosso site <a href=\"https:\/\/clivux.com\/conteudos\/\">Clivux<\/a>. Esteja sempre atualizado e aproveite ao m\u00e1ximo o potencial da sua empresa!<\/p>\n","protected":false},"excerpt":{"rendered":"<p>Descubra a import\u00e2ncia do dia do farmac\u00eautico e como essa data impacta empresas e profissionais na \u00e1rea da sa\u00fade.<\/p>\n","protected":false},"author":1,"featured_media":225,"comment_status":"open","ping_status":"open","sticky":false,"template":"","format":"standard","meta":{"footnotes":""},"categories":[368,339,367],"tags":[371,369,370,372,373],"class_list":["post-226","post","type-post","status-publish","format-standard","has-post-thumbnail","hentry","category-datas-comemorativas","category-gestao-de-saude","category-profissionais","tag-data-comemorativa","tag-dia-do-farmaceutico","tag-importancia-do-farmaceutico","tag-profissao-farmaceutica","tag-setor-da-saude"],"_links":{"self":[{"href":"https:\/\/clivux.com\/conteudos\/wp-json\/wp\/v2\/posts\/226","targetHints":{"allow":["GET"]}}],"collection":[{"href":"https:\/\/clivux.com\/conteudos\/wp-json\/wp\/v2\/posts"}],"about":[{"href":"https:\/\/clivux.com\/conteudos\/wp-json\/wp\/v2\/types\/post"}],"author":[{"embeddable":true,"href":"https:\/\/clivux.com\/conteudos\/wp-json\/wp\/v2\/users\/1"}],"replies":[{"embeddable":true,"href":"https:\/\/clivux.com\/conteudos\/wp-json\/wp\/v2\/comments?post=226"}],"version-history":[{"count":0,"href":"https:\/\/clivux.com\/conteudos\/wp-json\/wp\/v2\/posts\/226\/revisions"}],"wp:featuredmedia":[{"embeddable":true,"href":"https:\/\/clivux.com\/conteudos\/wp-json\/wp\/v2\/media\/225"}],"wp:attachment":[{"href":"https:\/\/clivux.com\/conteudos\/wp-json\/wp\/v2\/media?parent=226"}],"wp:term":[{"taxonomy":"category","embeddable":true,"href":"https:\/\/clivux.com\/conteudos\/wp-json\/wp\/v2\/categories?post=226"},{"taxonomy":"post_tag","embeddable":true,"href":"https:\/\/clivux.com\/conteudos\/wp-json\/wp\/v2\/tags?post=226"}],"curies":[{"name":"wp","href":"https:\/\/api.w.org\/{rel}","templated":true}]}}