{"id":220,"date":"2026-03-01T11:01:26","date_gmt":"2026-03-01T11:01:26","guid":{"rendered":"https:\/\/clivux.com\/conteudos\/dia-da-farmaceutica-a-importancia-para-sua-empresa\/"},"modified":"2026-03-01T11:01:26","modified_gmt":"2026-03-01T11:01:26","slug":"dia-da-farmaceutica-a-importancia-para-sua-empresa","status":"publish","type":"post","link":"https:\/\/clivux.com\/conteudos\/dia-da-farmaceutica-a-importancia-para-sua-empresa\/","title":{"rendered":"Dia da Farmaceutica: A Import\u00e2ncia Para Sua Empresa"},"content":{"rendered":"<h1>Dia da Farmaceutica: A Import\u00e2ncia Para Sua Empresa<\/h1>\n<p>No Brasil, o dia da farmaceutica representa um marco significativo na valoriza\u00e7\u00e3o da profiss\u00e3o farmac\u00eautica, destacando seu papel crucial no sistema de sa\u00fade e na ind\u00fastria. Este artigo ir\u00e1 explorar a <strong>import\u00e2ncia do dia da farmaceutica<\/strong>, qual a sua relev\u00e2ncia para as empresas e como proceder com a documenta\u00e7\u00e3o necess\u00e1ria. Prepare-se para descobrir tudo que voc\u00ea precisa saber sobre este dia especial!<\/p>\n<figure>\n          <img decoding=\"async\" src=\"https:\/\/clivux.com\/conteudos\/wp-content\/uploads\/2026\/03\/dia-da-farmaceutica.jpg\" alt=\"dia da farmaceutica\" \/><\/p>\n<\/figure>\n<h2>\u00cdndice<\/h2>\n<ul>\n<li><a href=\"#o-que-e-dia-da-farmaceutica\">O que \u00e9 dia da farmaceutica<\/a><\/li>\n<li><a href=\"#quando-surgiu-dia-da-farmaceutica\">Quando surgiu dia da farmaceutica<\/a><\/li>\n<li><a href=\"#como-funciona-dia-da-farmaceutica\">Como funciona dia da farmaceutica<\/a><\/li>\n<li><a href=\"#porque-importancia-dia-da-farmaceutica\">Por que o dia da farmaceutica \u00e9 importante para empresas<\/a><\/li>\n<li><a href=\"#vantagens-dia-da-farmaceutica\">Vantagens de fazer dia da farmaceutica da forma correta<\/a><\/li>\n<li><a href=\"#faq-dia-da-farmaceutica\">Perguntas frequentes (FAQ) sobre dia da farmaceutica<\/a><\/li>\n<\/ul>\n<h2 id=\"o-que-e-dia-da-farmaceutica\">O que \u00e9 dia da farmaceutica?<\/h2>\n<p>O dia da farmaceutica \u00e9 comemorado no dia 20 de janeiro e serve para reconhecer a contribui\u00e7\u00e3o dos farmac\u00eauticos no cuidado \u00e0 sa\u00fade. Este dia \u00e9 uma homenagem \u00e0 import\u00e2ncia dos profissionais que, al\u00e9m de fornecer medicamentos, desempenham um papel essencial na orienta\u00e7\u00e3o e informa\u00e7\u00e3o sobre o uso seguro e eficaz de terapias medicamentosas.<\/p>\n<h2 id=\"quando-surgiu-dia-da-farmaceutica\">Quando surgiu dia da farmaceutica<\/h2>\n<p>A data foi institu\u00edda em 1976, visando enfatizar a fun\u00e7\u00e3o social do farmac\u00eautico. Desde ent\u00e3o, o <strong>dia da farmaceutica<\/strong> vem sendo utilizado como uma oportunidade para promover as pr\u00e1ticas de farmacologia e a educa\u00e7\u00e3o cont\u00ednua dos profissionais do setor.<\/p>\n<h2 id=\"como-funciona-dia-da-farmaceutica\">Como funciona dia da farmaceutica<\/h2>\n<p>No dia da farmaceutica, diversas atividades s\u00e3o promovidas, como palestras, workshops e confer\u00eancias, que visam atualizar os farmac\u00eauticos sobre novas pr\u00e1ticas e regulamenta\u00e7\u00f5es. Al\u00e9m disso, muitos farmac\u00eauticos aproveitam a ocasi\u00e3o para realizar a\u00e7\u00f5es comunit\u00e1rias de conscientiza\u00e7\u00e3o sobre a sa\u00fade e o uso de medicamentos.<\/p>\n<h2 id=\"porque-importancia-dia-da-farmaceutica\">Por que o dia da farmaceutica \u00e9 importante para empresas<\/h2>\n<p>Para os empres\u00e1rios, entender a import\u00e2ncia do dia da farmaceutica \u00e9 crucial. Aqui est\u00e3o alguns pontos que ilustram sua relev\u00e2ncia:<\/p>\n<ul>\n<li><strong>Aumento da conscientiza\u00e7\u00e3o:<\/strong> Promover atividades durante o dia da farmaceutica melhora a percep\u00e7\u00e3o do p\u00fablico sobre a import\u00e2ncia dos farmac\u00eauticos nas empresas.<\/li>\n<li><strong>Regulamenta\u00e7\u00e3o:<\/strong> Muitas empresas s\u00e3o obrigadas a respeitar as normas relacionadas \u00e0 farm\u00e1cia, e o dia da farmaceutica \u00e9 uma boa estrat\u00e9gia para ades\u00e3o \u00e0s melhores pr\u00e1ticas.<\/li>\n<li><strong>Constru\u00e7\u00e3o de rela\u00e7\u00f5es:<\/strong> Participar dessas atividades pode fortalecer os la\u00e7os entre empresas farmac\u00eauticas e comunidades locais.<\/li>\n<\/ul>\n<h2 id=\"vantagens-dia-da-farmaceutica\">Vantagens de fazer dia da farmaceutica da forma correta<\/h2>\n<p>Tornar o dia da farmaceutica uma experi\u00eancia memor\u00e1vel e eficaz pode trazer benef\u00edcios significativos, tais como:<\/p>\n<ol>\n<li><strong>Imagem positiva da empresa:<\/strong> Empresas que se envolvem ativamente nas comemora\u00e7\u00f5es tendem a ser vistas de forma mais favor\u00e1vel pelo p\u00fablico.<\/li>\n<li><strong>Fideliza\u00e7\u00e3o de clientes:<\/strong> A demonstra\u00e7\u00e3o de compromisso com a sa\u00fade e bem-estar da comunidade pode incentivar a lealdade do cliente.<\/li>\n<li><strong>Atualiza\u00e7\u00e3o profissional:<\/strong> Os eventos podem proporcionar insights valiosos e novas tend\u00eancias do setor, auxiliando tamb\u00e9m no desenvolvimento cont\u00ednuo dos colaboradores.<\/li>\n<\/ol>\n<h2 id=\"faq-dia-da-farmaceutica\">Perguntas frequentes (FAQ) sobre dia da farmaceutica<\/h2>\n<h3>1. O que deve ser inclu\u00eddo na celebra\u00e7\u00e3o do dia da farmaceutica?<\/h3>\n<p>As atividades podem variar de palestras informativas a campanhas comunit\u00e1rias e at\u00e9 exposi\u00e7\u00f5es interativas que ajudem na educa\u00e7\u00e3o sobre medicamentos.<\/p>\n<h3>2. Quem deve participar das comemora\u00e7\u00f5es?<\/h3>\n<p>Farmac\u00eauticos, estudantes de farm\u00e1cia, empres\u00e1rios do setor e, claro, a sociedade civil.<\/p>\n<h3>3. Como estar em conformidade legal durante o dia da farmaceutica?<\/h3>\n<p>\u00c9 importante que as atividades estejam de acordo com as regulamenta\u00e7\u00f5es da profiss\u00e3o e as leis vigentes no Brasil. Consulte o <a href=\"https:\/\/www.conselhofarmaceutico.org.br\">Conselho Federal de Farm\u00e1cia<\/a> para mais informa\u00e7\u00f5es.<\/p>\n<h3>4. Quais erros comuns devem ser evitados?<\/h3>\n<p>N\u00e3o planejar adequadamente o evento e n\u00e3o envolver a comunidade podem ser grandes falhas. O sucesso depende de uma boa organiza\u00e7\u00e3o e promo\u00e7\u00e3o.<\/p>\n<h3>5. Qual \u00e9 a diferen\u00e7a entre o dia da farmaceutica e outras datas comemorativas relacionadas \u00e0 sa\u00fade?<\/h3>\n<p>Diferentemente de outras datas, o dia da farmaceutica foca especificamente na profiss\u00e3o farmac\u00eautica e sua contribui\u00e7\u00e3o \u00fanica para a sa\u00fade p\u00fablica.<\/p>\n<h2>Considera\u00e7\u00f5es Finais<\/h2>\n<p>O <strong>dia da farmaceutica<\/strong> \u00e9 muito mais do que uma simples data no calend\u00e1rio; \u00e9 um lembrete da import\u00e2ncia desse profissional na sociedade e do impacto que ele pode ter em cada empresa do setor farmaceutico. Se voc\u00ea \u00e9 empres\u00e1rio ou profissional de administra\u00e7\u00e3o, considerar a import\u00e2ncia deste dia pode trazer vantagens significativas para sua organiza\u00e7\u00e3o.<\/p>\n<p>Se voc\u00ea deseja aprofundar seus conhecimentos ou receber assist\u00eancia em rela\u00e7\u00e3o \u00e0 documenta\u00e7\u00e3o e conformidade, n\u00e3o hesite em visitar <a href=\"https:\/\/clivux.com\/conteudos\/\">Clivux<\/a> e descubra como podemos ajud\u00e1-lo a otimizar seus processos!<\/p>\n","protected":false},"excerpt":{"rendered":"<p>Entenda a import\u00e2ncia do dia da farmaceutica e como pode beneficiar sua empresa no Brasil. Clique e aprenda mais!<\/p>\n","protected":false},"author":1,"featured_media":219,"comment_status":"open","ping_status":"open","sticky":false,"template":"","format":"standard","meta":{"footnotes":""},"categories":[41,339,358],"tags":[356,61,354,360,359],"class_list":["post-220","post","type-post","status-publish","format-standard","has-post-thumbnail","hentry","category-empreendedorismo","category-gestao-de-saude","category-regulacao","tag-beneficios-dia-da-farmaceutica","tag-empresas-brasileiras","tag-importancia-dia-da-farmaceutica","tag-profissionais-da-saude","tag-regulamentacao-farmaceutica"],"_links":{"self":[{"href":"https:\/\/clivux.com\/conteudos\/wp-json\/wp\/v2\/posts\/220","targetHints":{"allow":["GET"]}}],"collection":[{"href":"https:\/\/clivux.com\/conteudos\/wp-json\/wp\/v2\/posts"}],"about":[{"href":"https:\/\/clivux.com\/conteudos\/wp-json\/wp\/v2\/types\/post"}],"author":[{"embeddable":true,"href":"https:\/\/clivux.com\/conteudos\/wp-json\/wp\/v2\/users\/1"}],"replies":[{"embeddable":true,"href":"https:\/\/clivux.com\/conteudos\/wp-json\/wp\/v2\/comments?post=220"}],"version-history":[{"count":0,"href":"https:\/\/clivux.com\/conteudos\/wp-json\/wp\/v2\/posts\/220\/revisions"}],"wp:featuredmedia":[{"embeddable":true,"href":"https:\/\/clivux.com\/conteudos\/wp-json\/wp\/v2\/media\/219"}],"wp:attachment":[{"href":"https:\/\/clivux.com\/conteudos\/wp-json\/wp\/v2\/media?parent=220"}],"wp:term":[{"taxonomy":"category","embeddable":true,"href":"https:\/\/clivux.com\/conteudos\/wp-json\/wp\/v2\/categories?post=220"},{"taxonomy":"post_tag","embeddable":true,"href":"https:\/\/clivux.com\/conteudos\/wp-json\/wp\/v2\/tags?post=220"}],"curies":[{"name":"wp","href":"https:\/\/api.w.org\/{rel}","templated":true}]}}