{"id":216,"date":"2026-02-28T11:01:34","date_gmt":"2026-02-28T11:01:34","guid":{"rendered":"https:\/\/clivux.com\/conteudos\/dia-da-farmaceutica-a-importancia-para-empresas-em-2023\/"},"modified":"2026-02-28T11:01:34","modified_gmt":"2026-02-28T11:01:34","slug":"dia-da-farmaceutica-a-importancia-para-empresas-em-2023","status":"publish","type":"post","link":"https:\/\/clivux.com\/conteudos\/dia-da-farmaceutica-a-importancia-para-empresas-em-2023\/","title":{"rendered":"Dia da Farmac\u00eautica: A Import\u00e2ncia Para Empresas em 2023"},"content":{"rendered":"<h1>Dia da Farmac\u00eautica: A Import\u00e2ncia Para Empresas em 2023<\/h1>\n<p>O <strong>dia da farmac\u00eautica<\/strong> \u00e9 uma data de relev\u00e2ncia significativa no calend\u00e1rio brasileiro. Com o intuito de homenagear os profissionais que atuam na \u00e1rea farmac\u00eautica e destacar a import\u00e2ncia do seu papel na sociedade, esta data traz \u00e0 tona reflex\u00f5es sobre as pr\u00e1ticas do setor. Neste artigo, vamos explorar a origem, a import\u00e2ncia e como as empresas podem tirar proveito dessa data.<\/p>\n<figure>\n          <img decoding=\"async\" src=\"https:\/\/clivux.com\/conteudos\/wp-content\/uploads\/2026\/02\/dia-da-farmaceutica.jpg\" alt=\"dia da farmaceutica\" \/><\/p>\n<\/figure>\n<h2>O Que \u00c9 o Dia da Farmac\u00eautica?<\/h2>\n<p>O dia da farmac\u00eautica \u00e9 celebrado anualmente no dia 20 de janeiro no Brasil. Essa data foi institu\u00edda para reconhecer o trabalho dos farmac\u00eauticos que, com suas especializa\u00e7\u00f5es, contribuem para a sa\u00fade p\u00fablica e o bem-estar da popula\u00e7\u00e3o. Os farmac\u00eauticos desempenham fun\u00e7\u00f5es cruciais, desde a manipula\u00e7\u00e3o de medicamentos at\u00e9 a orienta\u00e7\u00e3o sobre o uso correto de f\u00e1rmacos.<\/p>\n<h2>Quando Surgiu o Dia da Farmac\u00eautica?<\/h2>\n<p>A celebra\u00e7\u00e3o do dia da farmac\u00eautica remonta \u00e0 cria\u00e7\u00e3o da primeira escola de Farm\u00e1cia no Brasil, a Escola de Farm\u00e1cia da Universidade da Bahia, em 6 de abril de 1932. Contudo, a data oficial para homenagem \u00e9 20 de janeiro, escolhido para marcar a import\u00e2ncia da profiss\u00e3o e reafirmar o compromisso com a sa\u00fade p\u00fablica.<\/p>\n<h2>Como Funciona o Dia da Farmac\u00eautica?<\/h2>\n<p>No Brasil, o dia da farmac\u00eautica \u00e9 protagonista de diversas atividades como palestras, cursos e eventos voltados \u00e0 capacita\u00e7\u00e3o e conscientiza\u00e7\u00e3o sobre o papel do farmac\u00eautico. Empresas do setor farmac\u00eautico e sa\u00fade organizam festas, premia\u00e7\u00f5es e programas de reconhecimento para valorizar seus colaboradores.<\/p>\n<h2>Por Que o Dia da Farmac\u00eautica \u00e9 Importante Para Empresas?<\/h2>\n<p>A celebra\u00e7\u00e3o do dia da farmac\u00eautica \u00e9 mais que uma homenagem. Ela tem implica\u00e7\u00f5es diretas nas empresas:<\/p>\n<ul>\n<li><strong>Fideliza\u00e7\u00e3o de Colaboradores:<\/strong> Reconhecer o esfor\u00e7o dos farmac\u00eauticos pode aumentar a satisfa\u00e7\u00e3o e reten\u00e7\u00e3o de talentos.<\/li>\n<li><strong>Melhoria na Imagem Corporativa:<\/strong> Empresas que promovem eventos relacionados \u00e0 sa\u00fade mostram responsabilidade social, aumentando sua reputa\u00e7\u00e3o.<\/li>\n<li><strong>Networking:<\/strong> Oportunidades de intera\u00e7\u00e3o entre profissionais da \u00e1rea podem resultar em parcerias vantajosas para neg\u00f3cios.<\/li>\n<\/ul>\n<h2>Vantagens de Fazer o Dia da Farmac\u00eautica da Forma Correta<\/h2>\n<p>Organizar um evento ou a\u00e7\u00e3o para o dia da farmac\u00eautica possibilita:<\/p>\n<ol>\n<li><strong>Motiva\u00e7\u00e3o:<\/strong> Estar em um ambiente onde o trabalho \u00e9 reconhecido motiva os colaboradores a se dedicarem cada vez mais.<\/li>\n<li><strong>Atualiza\u00e7\u00e3o:<\/strong> Proporciona oportunidades para que farmac\u00eauticos se atualizem sobre novas tend\u00eancias e regulamenta\u00e7\u00f5es.<\/li>\n<li><strong>Fortalecimento de La\u00e7os:<strong> Eventos s\u00e3o uma \u00f3tima oportunidade para fortalecer o esp\u00edrito de equipe.<\/li>\n<\/ol>\n<h2>Erros Comuns ao Preencher ou Usar o Dia da Farmac\u00eautica e Como Evitar<\/h2>\n<p>Os principais erros incluem: falta de planejamento, n\u00e3o incluir todos os colaboradores na celebra\u00e7\u00e3o e subestimar a import\u00e2ncia da data. Um planejamento adequado \u00e9 fundamental. Crie um cronograma estabelecendo todas as etapas com prazos claros.<\/p>\n<h2>Checklist Final Antes de Enviar\/Usar o Dia da Farmac\u00eautica<\/h2>\n<p>Antes de executar seu plano relacionado ao dia da farmac\u00eautica, verifique se:<\/p>\n<ul>\n<li>Definiu um or\u00e7amento adequado.<\/li>\n<li>Envolveu todos os colaboradores.<\/li>\n<li>Preparou materiais informativos.<\/li>\n<li>Organizou uma programa\u00e7\u00e3o diversificada.<\/li>\n<\/ul>\n<h2>Perguntas Frequentes (FAQ) Sobre o Dia da Farmac\u00eautica<\/h2>\n<h3>1. Qual a import\u00e2ncia do dia da farmac\u00eautica?<\/h3>\n<p>Essa data serve para reconhecer a import\u00e2ncia dos farmac\u00eauticos na sociedade e para promover o desenvolvimento da profiss\u00e3o.<\/p>\n<h3>2. Como as empresas podem celebrar o dia da farmac\u00eautica?<\/h3>\n<p>As empresas podem organizar eventos, oferecer treinamentos ou premia\u00e7\u00f5es internas.<\/p>\n<h3>3. Existem obriga\u00e7\u00f5es legais relacionadas ao dia da farmac\u00eautica?<\/h3>\n<p>N\u00e3o h\u00e1 obriga\u00e7\u00f5es legais, mas a\u00e7\u00f5es em homenagem \u00e0 data ajudam a valorizar a profiss\u00e3o.<\/p>\n<h3>4. Quais s\u00e3o os benef\u00edcios de eventos para a equipe?<\/h3>\n<p>Fomentar um ambiente de uni\u00e3o, aprendizado e reconhecimento profissional.<\/p>\n<h3>5. Como evitar erros na celebra\u00e7\u00e3o do dia da farmac\u00eautica?<\/h3>\n<p>Fazendo planejamentos adequados e envolvendo todos os colaboradores nas atividades.<\/p>\n<p>O dia da farmac\u00eautica \u00e9 uma data significativa que, se bem utilizada, pode gerar impactos positivos nas empresas e fortalecer a rela\u00e7\u00e3o entre farmac\u00eauticos e a sociedade. Lembre-se de que a valoriza\u00e7\u00e3o do capital humano \u00e9 essencial para o sucesso organizacional.<\/p>\n<p>Se voc\u00ea deseja aperfei\u00e7oar a gest\u00e3o de sua empresa, n\u00e3o hesite em acessar nosso site para conhecer mais sobre como <a href=\"https:\/\/clivux.com\/conteudos\/\">Clivux<\/a> pode auxili\u00e1-lo em sua jornada de sucesso.<\/p>\n","protected":false},"excerpt":{"rendered":"<p>Entenda como o dia da farmac\u00eautica impacta sua empresa e a import\u00e2ncia dessa data no Brasil.<\/p>\n","protected":false},"author":1,"featured_media":215,"comment_status":"open","ping_status":"open","sticky":false,"template":"","format":"standard","meta":{"footnotes":""},"categories":[4,3,339],"tags":[22,351,61,353,352],"class_list":["post-216","post","type-post","status-publish","format-standard","has-post-thumbnail","hentry","category-administracao","category-financas","category-gestao-de-saude","tag-bem-estar-corporativo","tag-dia-da-farmaceutica","tag-empresas-brasileiras","tag-gestao-farmaceutica","tag-importancia-da-farmaceutica"],"_links":{"self":[{"href":"https:\/\/clivux.com\/conteudos\/wp-json\/wp\/v2\/posts\/216","targetHints":{"allow":["GET"]}}],"collection":[{"href":"https:\/\/clivux.com\/conteudos\/wp-json\/wp\/v2\/posts"}],"about":[{"href":"https:\/\/clivux.com\/conteudos\/wp-json\/wp\/v2\/types\/post"}],"author":[{"embeddable":true,"href":"https:\/\/clivux.com\/conteudos\/wp-json\/wp\/v2\/users\/1"}],"replies":[{"embeddable":true,"href":"https:\/\/clivux.com\/conteudos\/wp-json\/wp\/v2\/comments?post=216"}],"version-history":[{"count":0,"href":"https:\/\/clivux.com\/conteudos\/wp-json\/wp\/v2\/posts\/216\/revisions"}],"wp:featuredmedia":[{"embeddable":true,"href":"https:\/\/clivux.com\/conteudos\/wp-json\/wp\/v2\/media\/215"}],"wp:attachment":[{"href":"https:\/\/clivux.com\/conteudos\/wp-json\/wp\/v2\/media?parent=216"}],"wp:term":[{"taxonomy":"category","embeddable":true,"href":"https:\/\/clivux.com\/conteudos\/wp-json\/wp\/v2\/categories?post=216"},{"taxonomy":"post_tag","embeddable":true,"href":"https:\/\/clivux.com\/conteudos\/wp-json\/wp\/v2\/tags?post=216"}],"curies":[{"name":"wp","href":"https:\/\/api.w.org\/{rel}","templated":true}]}}