{"id":200,"date":"2026-02-24T11:01:46","date_gmt":"2026-02-24T11:01:46","guid":{"rendered":"https:\/\/clivux.com\/conteudos\/dia-da-enfermeira-tudo-o-que-voce-precisa-saber\/"},"modified":"2026-02-24T11:01:46","modified_gmt":"2026-02-24T11:01:46","slug":"dia-da-enfermeira-tudo-o-que-voce-precisa-saber","status":"publish","type":"post","link":"https:\/\/clivux.com\/conteudos\/dia-da-enfermeira-tudo-o-que-voce-precisa-saber\/","title":{"rendered":"Dia da Enfermeira: Tudo o que Voc\u00ea Precisa Saber"},"content":{"rendered":"<h1>Dia da Enfermeira: Tudo o que Voc\u00ea Precisa Saber<\/h1>\n<p>O <strong>dia da enfermeira<\/strong> \u00e9 uma data significativa que homenageia o trabalho incans\u00e1vel desses profissionais essenciais na sa\u00fade. Em um pa\u00eds como o Brasil, onde a demanda por cuidados de sa\u00fade de qualidade \u00e9 cada vez mais evidente, reconhecer e valorizar as enfermeiras e enfermeiros \u00e9 uma pr\u00e1tica que vai al\u00e9m da \u00e9tica; \u00e9 um imperativo social e empresarial. Neste artigo, exploraremos a import\u00e2ncia dessa data, como ela surgiu, e o impacto que pode ter no ambiente de trabalho.<\/p>\n<figure>\n          <img decoding=\"async\" src=\"https:\/\/clivux.com\/conteudos\/wp-content\/uploads\/2026\/02\/dia-da-enfermeira.jpg\" alt=\"dia da enfermeira\" \/><\/p>\n<\/figure>\n<p>Vamos navegar por uma s\u00e9rie de t\u00f3picos que aprofundam as nuances dessa comemora\u00e7\u00e3o, com o objetivo de proporcionar informa\u00e7\u00f5es pr\u00e1ticas e confi\u00e1veis para empres\u00e1rios e profissionais administrativos, tornando-se uma refer\u00eancia no uso do dia da enfermeira em ambientes corporativos.<\/p>\n<h2>O que \u00e9 o Dia da Enfermeira?<\/h2>\n<p>O <strong>dia da enfermeira<\/strong> \u00e9 comemorado anualmente em 12 de maio, em homenagem ao anivers\u00e1rio de Florence Nightingale, uma das pioneiras da enfermagem moderna. Esta data serve para reconhecer o papel vital das enfermeiras na presta\u00e7\u00e3o de cuidados e na promo\u00e7\u00e3o da sa\u00fade, refletindo a import\u00e2ncia de valorizar esses profissionais em todas as institui\u00e7\u00f5es.<\/p>\n<h2>Quando Surgiu o Dia da Enfermeira?<\/h2>\n<p>A hist\u00f3ria do dia da enfermeira remonta a 1974, quando a Organiza\u00e7\u00e3o Mundial da Sa\u00fade (OMS) declarou 12 de maio como o Dia Internacional da Enfermeira. Esta escolha n\u00e3o foi apenas uma celebra\u00e7\u00e3o, mas tamb\u00e9m um chamado para que pa\u00edses ao redor do mundo reconhe\u00e7am e valorizem a pr\u00e1tica da enfermagem.<\/p>\n<h2>Por que o Dia da Enfermeira \u00c9 Importante Para Empresas?<\/h2>\n<p>As empresas desempenham um papel crucial na promo\u00e7\u00e3o da sa\u00fade e do bem-estar no ambiente de trabalho. Reconhecer o <strong>dia da enfermeira<\/strong> pode ajudar a:<\/p>\n<ul>\n<li><strong>Melhorar o Moral:<\/strong> Mostrar a valoriza\u00e7\u00e3o dos profissionais de sa\u00fade pode elevar a moral dos funcion\u00e1rios.<\/li>\n<li><strong>Aumentar a Reten\u00e7\u00e3o:<\/strong> Funcion\u00e1rios que se sentem valorizados tendem a permanecer mais tempo na empresa.<\/li>\n<li><strong>Fomentar um Ambiente Positivo:<\/strong> Promover a sa\u00fade entre funcion\u00e1rios e incentiv\u00e1-los a cuidar de si mesmos resulta em um ambiente de trabalho mais produtivo.<\/li>\n<\/ul>\n<h2>Como Funciona o Dia da Enfermeira?<\/h2>\n<p>O <strong>dia da enfermeira<\/strong> pode ser celebrado de v\u00e1rias formas nas empresas. Companhias podem optar por:<\/p>\n<ol>\n<li>Realizar eventos especiais, como palestras sobre sa\u00fade e bem-estar.<\/li>\n<li>Oferecer brindes ou reconhecimento para profissionais de enfermagem dentro da empresa.<\/li>\n<li>Organizar campanhas de sa\u00fade, promovendo a import\u00e2ncia de cuidados preventivos entre todos os funcion\u00e1rios.<\/li>\n<\/ol>\n<h2>Como Criar um Evento Para o Dia da Enfermeira?<\/h2>\n<p>Criar um evento significativo para o <strong>dia da enfermeira<\/strong> requer planejamento:<\/p>\n<ul>\n<li><strong>Defina um Objetivo:<\/strong> O que voc\u00ea deseja alcan\u00e7ar com a celebra\u00e7\u00e3o?<\/li>\n<li><strong>Escolha um Local:<\/strong> Se suas instala\u00e7\u00f5es permitirem, um espa\u00e7o interno pode ser perfeito.<\/li>\n<li><strong>Convide Profissionais:<\/strong> Especialistas em sa\u00fade podem agregar valor aos eventos.<\/li>\n<\/ul>\n<h2>Exemplos Pr\u00e1ticos de Uso do Dia da Enfermeira<\/h2>\n<p>A pr\u00e1tica de integrar a celebra\u00e7\u00e3o do <strong>dia da enfermeira<\/strong> pode ser feita com:<\/p>\n<ol>\n<li>Organiza\u00e7\u00e3o de workshops de sa\u00fade mental.<\/li>\n<li>Incentivos a pr\u00e1ticas saud\u00e1veis, como caminhadas ou exerc\u00edcios grupais.<\/li>\n<li>Realiza\u00e7\u00e3o de campanhas de vacina\u00e7\u00e3o.<\/li>\n<\/ol>\n<h2>Checklist Final Antes de Celebrar o Dia da Enfermeira<\/h2>\n<p>Antes de enviar qualquer convite, aqui est\u00e1 um checklist para tornar sua celebra\u00e7\u00e3o um sucesso:<\/p>\n<ul>\n<li>A data e hor\u00e1rio est\u00e3o definidos?<\/li>\n<li>Todos os fornecedores est\u00e3o confirmados?<\/li>\n<li>Os convites foram enviados?<\/li>\n<li>A divulga\u00e7\u00e3o interna foi feita?<\/li>\n<\/ul>\n<h2>Perguntas Frequentes Sobre o Dia da Enfermeira<\/h2>\n<h3>1. Por que devemos celebrar o dia da enfermeira?<\/h3>\n<p>Celebrar essa data ajuda a reconhecer o trabalho \u00e1rduo e essencial dos profissionais de enfermagem.<\/p>\n<h3>2. Como podemos reconhecer enfermeiros em nossa empresa?<\/h3>\n<p>Atrav\u00e9s de eventos, brindes ou at\u00e9 mesmo um simples agradecimento p\u00fablico.<\/p>\n<h3>3. Existe alguma legisla\u00e7\u00e3o relacionada a este dia?<\/h3>\n<p>N\u00e3o h\u00e1 exig\u00eancias legais, mas \u00e9 uma excelente oportunidade para promover a sa\u00fade no ambiente de trabalho.<\/p>\n<h3>4. Quais os principais erros ao preencher o dia da enfermeira?<\/h3>\n<p>Um erro comum \u00e9 n\u00e3o indenizar os profissionais que trabalham no setor de sa\u00fade corretamente.<\/p>\n<h3>5. Como incluir o dia da enfermeira em nossa cultura organizacional?<\/h3>\n<p>Integrar celebra\u00e7\u00f5es de sa\u00fade e bem-estar \u00e9 o primeiro passo para isso.<\/p>\n<h2>Aspectos Legais e Normas sobre o Dia da Enfermeira<\/h2>\n<p>Embora n\u00e3o haja leis espec\u00edficas sobre o <strong>dia da enfermeira<\/strong>, a valoriza\u00e7\u00e3o da sa\u00fade e a promo\u00e7\u00e3o de um ambiente de trabalho seguro s\u00e3o regulamentos que devem ser seguidos. As empresas devem se garantir que cumpram as diretrizes da Ag\u00eancia Nacional de Vigil\u00e2ncia Sanit\u00e1ria (ANVISA) e do Minist\u00e9rio da Sa\u00fade.<\/p>\n<h2>Como Automatizar ou Facilitar a Rotina com o Dia da Enfermeira<\/h2>\n<p>A tecnologia pode ajudar a tornar a celebra\u00e7\u00e3o mais f\u00e1cil de gerenciar. Ferramentas como planilhas e softwares de gerenciamento podem ser utilizados para organizar eventos, listagens de convidados e envio de e-mails. Al\u00e9m disso, sistemas de comunica\u00e7\u00e3o interna podem facilitar a divulga\u00e7\u00e3o dessas iniciativas.<\/p>\n<p>Por fim, o <strong>dia da enfermeira<\/strong> n\u00e3o deve ser uma data a ser ignorada. Sua import\u00e2ncia transcende a mera comemora\u00e7\u00e3o; \u00e9 uma oportunidade de aprimorar a cultura organizacional, promovendo um ambiente de trabalho saud\u00e1vel e produtivo. Invista na valoriza\u00e7\u00e3o do seu time de sa\u00fade e veja como isso pode trazer resultados positivos.<\/p>\n<p>Se voc\u00ea gostou deste conte\u00fado e deseja aprender mais sobre pr\u00e1ticas eficazes em recursos humanos e finan\u00e7as, continue atento ao nosso blog.<a href=\"https:\/\/clivux.com\/conteudos\/\">Leia mais<\/a> para se manter atualizado!<\/p>\n","protected":false},"excerpt":{"rendered":"<p>Descubra a import\u00e2ncia do dia da enfermeira e como ele impacta o ambiente corporativo no Brasil. Informa\u00e7\u00f5es essenciais para empresas.<\/p>\n","protected":false},"author":1,"featured_media":199,"comment_status":"open","ping_status":"open","sticky":false,"template":"","format":"standard","meta":{"footnotes":""},"categories":[4,70,23],"tags":[331,329,330,29,20],"class_list":["post-200","post","type-post","status-publish","format-standard","has-post-thumbnail","hentry","category-administracao","category-recursos-humanos","category-saude-corporativa","tag-cultura-empresarial","tag-dia-da-enfermeira","tag-importancia-do-dia-da-enfermeira","tag-recursos-humanos","tag-saude-no-trabalho"],"_links":{"self":[{"href":"https:\/\/clivux.com\/conteudos\/wp-json\/wp\/v2\/posts\/200","targetHints":{"allow":["GET"]}}],"collection":[{"href":"https:\/\/clivux.com\/conteudos\/wp-json\/wp\/v2\/posts"}],"about":[{"href":"https:\/\/clivux.com\/conteudos\/wp-json\/wp\/v2\/types\/post"}],"author":[{"embeddable":true,"href":"https:\/\/clivux.com\/conteudos\/wp-json\/wp\/v2\/users\/1"}],"replies":[{"embeddable":true,"href":"https:\/\/clivux.com\/conteudos\/wp-json\/wp\/v2\/comments?post=200"}],"version-history":[{"count":0,"href":"https:\/\/clivux.com\/conteudos\/wp-json\/wp\/v2\/posts\/200\/revisions"}],"wp:featuredmedia":[{"embeddable":true,"href":"https:\/\/clivux.com\/conteudos\/wp-json\/wp\/v2\/media\/199"}],"wp:attachment":[{"href":"https:\/\/clivux.com\/conteudos\/wp-json\/wp\/v2\/media?parent=200"}],"wp:term":[{"taxonomy":"category","embeddable":true,"href":"https:\/\/clivux.com\/conteudos\/wp-json\/wp\/v2\/categories?post=200"},{"taxonomy":"post_tag","embeddable":true,"href":"https:\/\/clivux.com\/conteudos\/wp-json\/wp\/v2\/tags?post=200"}],"curies":[{"name":"wp","href":"https:\/\/api.w.org\/{rel}","templated":true}]}}