{"id":198,"date":"2026-02-23T16:01:42","date_gmt":"2026-02-23T16:01:42","guid":{"rendered":"https:\/\/clivux.com\/conteudos\/dia-dos-enfermeiros-a-importancia-dessa-data-para-empresas\/"},"modified":"2026-02-23T16:01:42","modified_gmt":"2026-02-23T16:01:42","slug":"dia-dos-enfermeiros-a-importancia-dessa-data-para-empresas","status":"publish","type":"post","link":"https:\/\/clivux.com\/conteudos\/dia-dos-enfermeiros-a-importancia-dessa-data-para-empresas\/","title":{"rendered":"Dia dos Enfermeiros: A Import\u00e2ncia Dessa Data para Empresas"},"content":{"rendered":"<h1>Dia dos Enfermeiros: A Import\u00e2ncia Dessa Data para Empresas<\/h1>\n<p>No Brasil, o <strong>dia dos enfermeiros<\/strong> \u00e9 comemorado em 12 de maio, uma data emblem\u00e1tica que homenageia os profissionais que atuam na \u00e1rea da sa\u00fade. Esta data, al\u00e9m de ser uma maneira de reconhecer o trabalho dos enfermeiros, possui um impacto significativo nas din\u00e2micas empresariais, especialmente para aquelas que empregam profissionais da sa\u00fade. Neste artigo, vamos explorar a fundo o que \u00e9 o dia dos enfermeiros, sua origem, a import\u00e2ncia que essa data possui para as empresas e como elas podem se beneficiar ao reconhecer essa profiss\u00e3o fundamental.<\/p>\n<figure>\n          <img decoding=\"async\" src=\"https:\/\/clivux.com\/conteudos\/wp-content\/uploads\/2026\/02\/dia-dos-enfermeiros.jpg\" alt=\"dia dos enfermeiros\" \/><\/p>\n<\/figure>\n<h2>O que \u00e9 o Dia dos Enfermeiros?<\/h2>\n<p>O <strong>dia dos enfermeiros<\/strong> \u00e9 uma data dedicada \u00e0 comemora\u00e7\u00e3o e valoriza\u00e7\u00e3o dos profissionais da enfermagem. Essa data \u00e9 celebrada no dia 12 de maio, em homenagem ao anivers\u00e1rio de Florence Nightingale, uma figura central na hist\u00f3ria da enfermagem moderna. Em um contexto empresarial, \u00e9 crucial que as organiza\u00e7\u00f5es compreendam a evolu\u00e7\u00e3o e a import\u00e2ncia dessa profiss\u00e3o, promovendo um ambiente de trabalho que valoriza e respeita esses profissionais.<\/p>\n<h2>Quando surgiu o Dia dos Enfermeiros?<\/h2>\n<p>A data foi oficialmente reconhecida em 1974, pela primeira vez, em 12 de maio, e desde ent\u00e3o, diversas atividades t\u00eam sido realizadas para divulgar e celebrar a enfermagem no Brasil. As iniciativas incluem palestras, campanhas de conscientiza\u00e7\u00e3o e eventos que promovem a sa\u00fade e cuidados.<\/p>\n<h2>Por que o Dia dos Enfermeiros \u00e9 importante para Empresas?<\/h2>\n<p>Reconhecer o <strong>dia dos enfermeiros<\/strong> \u00e9 vital para qualquer empresa que tenha profissionais da sa\u00fade. Aqui est\u00e3o algumas raz\u00f5es pelas quais essa data \u00e9 t\u00e3o relevante:<\/p>\n<ul>\n<li><strong>Valoriza\u00e7\u00e3o dos Profissionais:<\/strong> Ao reconhecer a import\u00e2ncia da enfermagem, as empresas promovem um ambiente de trabalho positivo e de valoriza\u00e7\u00e3o profissional.<\/li>\n<li><strong>Redu\u00e7\u00e3o de Turnover:<\/strong> Funcion\u00e1rios valorizados tendem a permanecer mais tempo em suas fun\u00e7\u00f5es, reduzindo custos associados ao turnover.<\/li>\n<li><strong>Melhoria na Imagem Corporativa:<\/strong> Uma empresa que respeita e valoriza seus profissionais de sa\u00fade tende a ter uma imagem melhor perante o p\u00fablico.<\/li>\n<\/ul>\n<h2>Aspectos Legais e Normas que Envolvem o Dia dos Enfermeiros<\/h2>\n<p>\u00c9 importante que as empresas estejam cientes dos aspectos legais relacionados ao <strong>dia dos enfermeiros<\/strong>. O reconhecimento dessa data deve ser conforme as normas que regem a profiss\u00e3o e as legisla\u00e7\u00f5es vigentes no Brasil. Por exemplo, a Lei n\u00ba 7.498 de 25 de junho de 1986 estabelece as diretrizes para o exerc\u00edcio da enfermagem e \u00e9 essencial que as empresas cumpram essa legisla\u00e7\u00e3o.<\/p>\n<h2>Como Criar um Evento em Comemora\u00e7\u00e3o ao Dia dos Enfermeiros<\/h2>\n<p>Criar um evento para comemorar o <strong>dia dos enfermeiros<\/strong> pode ser uma excelente maneira de reconhecer e valorizar esses profissionais. Aqui est\u00e3o algumas dicas para organizar um evento:<\/p>\n<ol>\n<li><strong>Defina um Or\u00e7amento:<\/strong> Determine quanto voc\u00ea pode investir no evento.<\/li>\n<li><strong>Escolha o Formato do Evento:<\/strong> Pode ser uma palestra, uma s\u00e9rie de workshops, ou mesmo um brunch para os colaboradores.<\/li>\n<li><strong>Engaje os Profissionais:<\/strong> Pergunte aos enfermeiros de sua equipe que tipo de eventos eles gostariam de participar.<\/li>\n<li><strong>Divulga\u00e7\u00e3o:<\/strong> Utilize e-mails, redes sociais e outros canais para divulgar o evento internamente.<\/li>\n<\/ol>\n<h2>Vantagens de Fazer o Dia dos Enfermeiros da Forma Correta<\/h2>\n<p>Celebrar o <strong>dia dos enfermeiros<\/strong> de maneira adequada pode trazer in\u00fameras vantagens para a empresa. Algumas delas incluem:<\/p>\n<ul>\n<li><strong>Aumento da Satisfa\u00e7\u00e3o nos Profissionais:<\/strong> Quando os enfermeiros se sentem valorizados, sua satisfa\u00e7\u00e3o com o trabalho aumenta.<\/li>\n<li><strong>Cria\u00e7\u00e3o de um Ambiente Motivador:<\/strong> Eventos que reconhecem o trabalho duro dos enfermeiros podem fomentar uma cultura organizacional positiva.<\/li>\n<li><strong>Fortalecimento do Esp\u00edrito de Equipe:<\/strong> O engajamento em atividades coletivas pode melhorar as rela\u00e7\u00f5es entre equipes de diferentes \u00e1reas.<\/li>\n<\/ul>\n<h2>Principais Erros ao Preencher\/Usar o Dia dos Enfermeiros (e como evitar)<\/h2>\n<p>Ao preparar uma comemora\u00e7\u00e3o ou evento, algumas armadilhas podem ser evitadas:<\/p>\n<ul>\n<li><strong>Desconsiderar a Opini\u00e3o dos Enfermeiros:<\/strong> Sempre envolva a equipe de enfermagem na cria\u00e7\u00e3o do evento.<\/li>\n<li><strong>N\u00e3o Comunicar com Clareza:<\/strong> Mantenha todos bem informados sobre a programa\u00e7\u00e3o e din\u00e2micas do evento.<\/li>\n<\/ul>\n<h2>Como Automatizar ou Facilitar a Rotina com o Dia dos Enfermeiros<\/h2>\n<p>Utilizar tecnologia e ferramentas de gest\u00e3o pode ajudar a facilitar a organiza\u00e7\u00e3o do <strong>dia dos enfermeiros<\/strong>. A implementa\u00e7\u00e3o de planilhas, aplicativos e sistemas de gerenciamento de eventos pode agilizar o processo. Isso n\u00e3o s\u00f3 economiza tempo, mas tamb\u00e9m garante que todas as etapas sejam cumpridas adequadamente.<\/p>\n<h2>Checklist Final Antes de Enviar\/Usar o Dia dos Enfermeiros<\/h2>\n<p>Antes de finalizar qualquer evento ou iniciativa para o <strong>dia dos enfermeiros<\/strong>, siga esta lista de verifica\u00e7\u00e3o:<\/p>\n<ul>\n<li>Definir data e hor\u00e1rio do evento.<\/li>\n<li>Confirmar local e log\u00edstica.<\/li>\n<li>Envolver a equipe de enfermagem na organiza\u00e7\u00e3o.<\/li>\n<li>Divulgar o evento com anteced\u00eancia.<\/li>\n<\/ul>\n<h2>Perguntas Frequentes (FAQ) sobre Dia dos Enfermeiros<\/h2>\n<h3>1. O que \u00e9 o dia dos enfermeiros?<\/h3>\n<p>O dia dos enfermeiros \u00e9 uma data que celebra e valoriza os profissionais da \u00e1rea da enfermagem, promovendo reconhecimento e eventos em sua homenagem.<\/p>\n<h3>2. Quando \u00e9 comemorado o dia dos enfermeiros?<\/h3>\n<p>O dia dos enfermeiros \u00e9 comemorado no dia 12 de maio.<\/p>\n<h3>3. Qual \u00e9 a import\u00e2ncia do dia dos enfermeiros para as empresas?<\/h3>\n<p>Reconhecer o dia dos enfermeiros ajuda a valorizar os profissionais, melhorar a imagem da empresa e reduzir o turnover.<\/p>\n<h3>4. Como as empresas podem celebrar essa data?<\/h3>\n<p>As empresas podem realizar eventos, palestras, ou atividades que promovam a integra\u00e7\u00e3o e valoriza\u00e7\u00e3o dos enfermeiros.<\/p>\n<h3>5. Quais s\u00e3o os erros a evitar ao celebrar o dia dos enfermeiros?<\/h3>\n<p>Desconsiderar a opini\u00e3o dos enfermeiros e n\u00e3o comunicar com clareza sobre o evento s\u00e3o os principais erros a evitar.<\/p>\n<h2>Conclus\u00e3o<\/h2>\n<p>O <strong>dia dos enfermeiros<\/strong> \u00e9 uma data que merece ser valorizada e reconhecida, n\u00e3o apenas pelos profissionais que atuam na \u00e1rea, mas tamb\u00e9m pelas empresas que dependem de seus servi\u00e7os. Ao celebrar essa data, as organiza\u00e7\u00f5es n\u00e3o apenas demonstram apre\u00e7o por seus colaboradores, mas tamb\u00e9m podem criar um ambiente de trabalho mais satisfat\u00f3rio e produtivo. Portanto, implemente a\u00e7\u00f5es significativas e aproveite os benef\u00edcios que essa valoriza\u00e7\u00e3o pode trazer para o seu neg\u00f3cio.<\/p>\n<p><strong>Quer saber mais sobre como melhorar a gest\u00e3o e valoriza\u00e7\u00e3o dos profissionais em sua empresa? Acesse <a href=\"https:\/\/clivux.com\/conteudos\/\">Clivux<\/a> e descubra conte\u00fados que podem transformar a sua an\u00e1lise e gest\u00e3o profissional!<\/strong><\/p>\n","protected":false},"excerpt":{"rendered":"<p>Entenda o dia dos enfermeiros e sua import\u00e2ncia; descubra como ele impacta empresas no Brasil.<\/p>\n","protected":false},"author":1,"featured_media":197,"comment_status":"open","ping_status":"open","sticky":false,"template":"","format":"standard","meta":{"footnotes":""},"categories":[54,327,23],"tags":[323,328,40,20,274],"class_list":["post-198","post","type-post","status-publish","format-standard","has-post-thumbnail","hentry","category-empresas","category-inovacao","category-saude-corporativa","tag-dia-do-enfermagem","tag-dia-dos-enfermeiros","tag-gestao-empresarial","tag-saude-no-trabalho","tag-valorizacao-profissional"],"_links":{"self":[{"href":"https:\/\/clivux.com\/conteudos\/wp-json\/wp\/v2\/posts\/198","targetHints":{"allow":["GET"]}}],"collection":[{"href":"https:\/\/clivux.com\/conteudos\/wp-json\/wp\/v2\/posts"}],"about":[{"href":"https:\/\/clivux.com\/conteudos\/wp-json\/wp\/v2\/types\/post"}],"author":[{"embeddable":true,"href":"https:\/\/clivux.com\/conteudos\/wp-json\/wp\/v2\/users\/1"}],"replies":[{"embeddable":true,"href":"https:\/\/clivux.com\/conteudos\/wp-json\/wp\/v2\/comments?post=198"}],"version-history":[{"count":0,"href":"https:\/\/clivux.com\/conteudos\/wp-json\/wp\/v2\/posts\/198\/revisions"}],"wp:featuredmedia":[{"embeddable":true,"href":"https:\/\/clivux.com\/conteudos\/wp-json\/wp\/v2\/media\/197"}],"wp:attachment":[{"href":"https:\/\/clivux.com\/conteudos\/wp-json\/wp\/v2\/media?parent=198"}],"wp:term":[{"taxonomy":"category","embeddable":true,"href":"https:\/\/clivux.com\/conteudos\/wp-json\/wp\/v2\/categories?post=198"},{"taxonomy":"post_tag","embeddable":true,"href":"https:\/\/clivux.com\/conteudos\/wp-json\/wp\/v2\/tags?post=198"}],"curies":[{"name":"wp","href":"https:\/\/api.w.org\/{rel}","templated":true}]}}