{"id":192,"date":"2026-02-22T11:01:40","date_gmt":"2026-02-22T11:01:40","guid":{"rendered":"https:\/\/clivux.com\/conteudos\/dia-da-enfermeiro-como-celebrar-e-reconhecer-este-profissional\/"},"modified":"2026-02-22T11:01:40","modified_gmt":"2026-02-22T11:01:40","slug":"dia-da-enfermeiro-como-celebrar-e-reconhecer-este-profissional","status":"publish","type":"post","link":"https:\/\/clivux.com\/conteudos\/dia-da-enfermeiro-como-celebrar-e-reconhecer-este-profissional\/","title":{"rendered":"Dia da Enfermeiro: Como Celebrar e Reconhecer este Profissional"},"content":{"rendered":"<h1>Dia da Enfermeiro: Como Celebrar e Reconhecer este Profissional<\/h1>\n<p>O <strong>dia da enfermeiro<\/strong> \u00e9 uma data especial que visa reconhecer e valorizar o trabalho essencial desses profissionais no sistema de sa\u00fade. \u00c9 uma oportunidade n\u00e3o apenas para expressar gratid\u00e3o, mas tamb\u00e9m para refletir sobre a import\u00e2ncia da enfermagem em nossas vidas. Neste artigo, vamos explorar as origens dessa data, sua relev\u00e2ncia, e oferecer dicas pr\u00e1ticas para que empresas possam celebrar esse dia de uma maneira significativa.<\/p>\n<figure>\n          <img decoding=\"async\" src=\"https:\/\/clivux.com\/conteudos\/wp-content\/uploads\/2026\/02\/dia-da-enfermeiro.jpg\" alt=\"dia da enfermeiro\" \/><\/p>\n<\/figure>\n<h2>O que \u00e9 o Dia da Enfermeiro?<\/h2>\n<p>O <strong>dia da enfermeiro<\/strong> \u00e9 comemorado anualmente em 12 de maio, em homenagem ao nascimento de Florence Nightingale, uma das pioneiras da enfermagem moderna. Essa data foi escolhida para simbolizar o in\u00edcio de uma nova era no cuidado e na sa\u00fade humana, destacando o papel fundamental que os enfermeiros desempenham no bem-estar da popula\u00e7\u00e3o.<\/p>\n<h2>Quando surgiu o Dia da Enfermeiro?<\/h2>\n<p>A primeira comemora\u00e7\u00e3o do <strong>dia da enfermeiro<\/strong> aconteceu em 1965, promovida pela Organiza\u00e7\u00e3o Mundial da Sa\u00fade (OMS). Desde ent\u00e3o, esta data evoluiu e se tornou um momento de reconhecimento global, onde se celebra o trabalho destes profissionais que, muitas vezes, est\u00e3o na linha de frente do atendimento \u00e0 sa\u00fade.<\/p>\n<h2>Como a Celebra\u00e7\u00e3o Funciona?<\/h2>\n<p>As celebra\u00e7\u00f5es do <strong>dia da enfermeiro<\/strong> podem variar de acordo com a empresa, mas geralmente incluem eventos de reconhecimento, entrega de homenagens, e a realiza\u00e7\u00e3o de atividades que promovam a sa\u00fade e o bem-estar. Muitas institui\u00e7\u00f5es de sa\u00fade aproveitam a data para realizar palestras, workshops e treinamentos focados na valoriza\u00e7\u00e3o e aperfei\u00e7oamento da profiss\u00e3o.<\/p>\n<h2>Por que o Dia da Enfermeiro \u00e9 Importante para Empresas?<\/h2>\n<p>Reconhecer o <strong>dia da enfermeiro<\/strong> traz diversos benef\u00edcios para as empresas, especialmente para aquelas na \u00e1rea da sa\u00fade. Entre as principais raz\u00f5es est\u00e3o:<\/p>\n<ul>\n<li><strong>Valoriza\u00e7\u00e3o do trabalho:<\/strong> Mostrar aos enfermeiros que seu trabalho \u00e9 apreciado aumenta a motiva\u00e7\u00e3o e a moral da equipe.<\/li>\n<li><strong>Fideliza\u00e7\u00e3o:<\/strong> Profissionais que se sentem reconhecidos tendem a permanecer mais tempo na empresa.<\/li>\n<li><strong>Melhoria na qualidade do atendimento:<\/strong> Envolvimento e satisfa\u00e7\u00e3o da equipe resultam em melhor atendimento aos pacientes.<\/li>\n<\/ul>\n<h2>Vantagens de Celebrar o Dia da Enfermeiro Corretamente<\/h2>\n<p>Ao celebrar o <strong>dia da enfermeiro<\/strong> de forma adequada, as empresas podem:<\/p>\n<ol>\n<li>Aumentar a produtividade da equipe.<\/li>\n<li>Reduzir a rotatividade de funcion\u00e1rios.<\/li>\n<li>Enhance a imagem institucional da empresa perante \u00e0 comunidade.<\/li>\n<\/ol>\n<h2>Riscos Relacionados \u00e0 Celebrar o Dia da Enfermeiro<\/h2>\n<p>Embora a celebra\u00e7\u00e3o seja positiva, \u00e9 importante evitar algumas armadilhas, tais como:<\/p>\n<ul>\n<li>Realizar eventos sem planejamento adequado.<\/li>\n<li>Promover homenagens superficiais que n\u00e3o reflitam a realidade do dia a dia dos enfermeiros.<\/li>\n<li>Ignorar a participa\u00e7\u00e3o dos pr\u00f3prios enfermeiros nas decis\u00f5es sobre como celebrar.<\/li>\n<\/ul>\n<h2>Principais Erros ao Preencher\/Usar o Dia da Enfermeiro<\/h2>\n<p>Alguns erros comuns ao reconhecer o <strong>dia da enfermeiro<\/strong> incluem:<\/p>\n<ol>\n<li>N\u00e3o coletar feedback dos enfermeiros ap\u00f3s as comemora\u00e7\u00f5es.<\/li>\n<li>Desconsiderar a diversidade cultural e geogr\u00e1fica dos profissionais.<\/li>\n<li>Organizar eventos que n\u00e3o envolvem a equipe em sua totalidade.<\/li>\n<\/ol>\n<h2>Perguntas Frequentes (FAQ) sobre o Dia da Enfermeiro<\/h2>\n<h3>1. O que deve conter uma homenagem no Dia da Enfermeiro?<\/h3>\n<p>Uma homenagem deve incluir palavras de gratid\u00e3o, reconhecimento e, se poss\u00edvel, um presente simb\u00f3lico que represente o valor do trabalho do enfermeiro.<\/p>\n<h3>2. Qual o melhor modo de celebrar o Dia da Enfermeiro na empresa?<\/h3>\n<p>Pode-se optar por fazer um evento especial, enviar mensagens de apre\u00e7o, ou promover um dia de atividades e debates sobre a import\u00e2ncia da enfermagem.<\/p>\n<h3>3. Como envolver os enfermeiros na prepara\u00e7\u00e3o do Dia da Enfermeiro?<\/h3>\n<p>Uma boa maneira \u00e9 criar um comit\u00ea com enfermeiros para planejar as atividades e a\u00e7\u00f5es em homenagem a eles.<\/p>\n<h3>4. O que os profissionais esperam no Dia da Enfermeiro?<\/h3>\n<p>Reconhecimento sincero, valoriza\u00e7\u00e3o de suas fun\u00e7\u00f5es e um ambiente onde se sintam seguros e respeitados.<\/p>\n<h3>5. Qual \u00e9 a import\u00e2ncia do Dia da Enfermeiro na sociedade?<\/h3>\n<p>Essa data lembra a todos o papel vital que os enfermeiros desempenham na sa\u00fade p\u00fablica e no cuidado de pacientes, al\u00e9m de promover o respeito e a valoriza\u00e7\u00e3o da profiss\u00e3o.<\/p>\n<h2>Aspectos Legais e Normas Relacionados ao Dia da Enfermeiro<\/h2>\n<p>\u00c9 importante que as empresas respeitem as normas e regulamenta\u00e7\u00f5es que cercam a profiss\u00e3o de enfermagem. O <a href=\"https:\/\/www.cofen.gov.br\">Conselho Federal de Enfermagem (COFEN)<\/a> estabelece diretrizes que devem ser seguidas, e \u00e9 responsabilidade das institui\u00e7\u00f5es garantir que seus profissionais estejam cientes e respeitem tais regulamenta\u00e7\u00f5es.<\/p>\n<h2>Como Automatizar ou Facilitar a Rotina no Dia da Enfermeiro?<\/h2>\n<p>Ferramentas digitais, como planilhas e softwares de gest\u00e3o de equipes, podem facilitar a organiza\u00e7\u00e3o das homenagens. Por exemplo, uma planilha com a lista de enfermeiros e suas respectivas atribui\u00e7\u00f5es pode ajudar na personaliza\u00e7\u00e3o das homenagens.<\/p>\n<h2>Checklist Final Antes de Celebrar o Dia da Enfermeiro<\/h2>\n<p>Antes de realizar qualquer homenagem, \u00e9 importante seguir este checklist:<\/p>\n<ul>\n<li>Definir o formato da celebra\u00e7\u00e3o.<\/li>\n<li>Coletar envolve de enfermeiros no planejamento.<\/li>\n<li>Preparar um discurso de agradecimento.<\/li>\n<li>Reunir os recursos necess\u00e1rios para a homenagem.<\/li>\n<li>Promover espa\u00e7os de feedback ap\u00f3s a celebra\u00e7\u00e3o.<\/li>\n<\/ul>\n<p>Em conclus\u00e3o, celebrar o <strong>dia da enfermeiro<\/strong> com sinceridade e respeito n\u00e3o s\u00f3 reconhece o trabalho \u00e1rduo desses profissionais, mas tamb\u00e9m fortalece a cultura de valoriza\u00e7\u00e3o no ambiente de trabalho, beneficiando todos. Se voc\u00ea deseja implementar uma celebra\u00e7\u00e3o mais forte e reconhecedora no seu neg\u00f3cio, n\u00e3o hesite em buscar a ajuda e orienta\u00e7\u00e3o de profissionais especializados.<\/p>\n","protected":false},"excerpt":{"rendered":"<p>Saiba tudo sobre o dia da enfermeiro, sua import\u00e2ncia e como sua empresa pode celebrar essa data com reconhecimento e gratid\u00e3o.<\/p>\n","protected":false},"author":1,"featured_media":191,"comment_status":"open","ping_status":"open","sticky":false,"template":"","format":"standard","meta":{"footnotes":""},"categories":[41,70,23],"tags":[272,320,321,322,274],"class_list":["post-192","post","type-post","status-publish","format-standard","has-post-thumbnail","hentry","category-empreendedorismo","category-recursos-humanos","category-saude-corporativa","tag-celebracao-do-enfermeiro","tag-dia-da-enfermeiro","tag-importancia-da-enfermagem","tag-reconhecimento-de-enfermeiros","tag-valorizacao-profissional"],"_links":{"self":[{"href":"https:\/\/clivux.com\/conteudos\/wp-json\/wp\/v2\/posts\/192","targetHints":{"allow":["GET"]}}],"collection":[{"href":"https:\/\/clivux.com\/conteudos\/wp-json\/wp\/v2\/posts"}],"about":[{"href":"https:\/\/clivux.com\/conteudos\/wp-json\/wp\/v2\/types\/post"}],"author":[{"embeddable":true,"href":"https:\/\/clivux.com\/conteudos\/wp-json\/wp\/v2\/users\/1"}],"replies":[{"embeddable":true,"href":"https:\/\/clivux.com\/conteudos\/wp-json\/wp\/v2\/comments?post=192"}],"version-history":[{"count":0,"href":"https:\/\/clivux.com\/conteudos\/wp-json\/wp\/v2\/posts\/192\/revisions"}],"wp:featuredmedia":[{"embeddable":true,"href":"https:\/\/clivux.com\/conteudos\/wp-json\/wp\/v2\/media\/191"}],"wp:attachment":[{"href":"https:\/\/clivux.com\/conteudos\/wp-json\/wp\/v2\/media?parent=192"}],"wp:term":[{"taxonomy":"category","embeddable":true,"href":"https:\/\/clivux.com\/conteudos\/wp-json\/wp\/v2\/categories?post=192"},{"taxonomy":"post_tag","embeddable":true,"href":"https:\/\/clivux.com\/conteudos\/wp-json\/wp\/v2\/tags?post=192"}],"curies":[{"name":"wp","href":"https:\/\/api.w.org\/{rel}","templated":true}]}}