{"id":162,"date":"2026-02-14T16:01:28","date_gmt":"2026-02-14T16:01:28","guid":{"rendered":"https:\/\/clivux.com\/conteudos\/dia-do-enfermeira-como-celebrar-e-importancia-para-empresas\/"},"modified":"2026-02-14T16:01:28","modified_gmt":"2026-02-14T16:01:28","slug":"dia-do-enfermeira-como-celebrar-e-importancia-para-empresas","status":"publish","type":"post","link":"https:\/\/clivux.com\/conteudos\/dia-do-enfermeira-como-celebrar-e-importancia-para-empresas\/","title":{"rendered":"Dia do Enfermeira: Como Celebrar e Import\u00e2ncia para Empresas"},"content":{"rendered":"<h1>Dia do Enfermeira: Como Celebrar e Import\u00e2ncia para Empresas<\/h1>\n<p>O dia do enfermeira, celebrado em 12 de maio, \u00e9 uma data que homenageia os profissionais essenciais da sa\u00fade. Este blog tem como objetivo explorar a hist\u00f3ria dessa data, sua import\u00e2ncia para empresas e como os neg\u00f3cios podem se beneficiar ao celebr\u00e1-la.<\/p>\n<figure>\n          <img decoding=\"async\" src=\"https:\/\/clivux.com\/conteudos\/wp-content\/uploads\/2026\/02\/dia-do-enfermeira.jpg\" alt=\"dia do enfermeira\" \/><\/p>\n<\/figure>\n<h2>Table of Contents<\/h2>\n<ol>\n<li><a href=\"#o-que-e-dia-do-enfermeira\">O que \u00e9 dia do enfermeira<\/a><\/li>\n<li><a href=\"#quando-surgiu-dia-do-enfermeira\">Quando surgiu o dia do enfermeira<\/a><\/li>\n<li><a href=\"#importancia-para-empresas\">Por que o dia do enfermeira \u00e9 importante para empresas<\/a><\/li>\n<li><a href=\"#vantagens-e-riscos\">Vantagens de fazer dia do enfermeira da forma correta<\/a><\/li>\n<li><a href=\"#principais-erros\">Principais erros ao celebrar o dia do enfermeira<\/a><\/li>\n<li><a href=\"#como-facilitar-a-rotina\">Como automatizar ou facilitar a rotina com dia do enfermeira<\/a><\/li>\n<li><a href=\"#checklist-final\">Checklist final antes de enviar\/usar o dia do enfermeira<\/a><\/li>\n<li><a href=\"#faq-dia-do-enfermeira\">Perguntas frequentes (FAQ) sobre dia do enfermeira<\/a><\/li>\n<\/ol>\n<h2 id=\"o-que-e-dia-do-enfermeira\">O que \u00e9 dia do enfermeira<\/h2>\n<p>O <strong>dia do enfermeira<\/strong> \u00e9 uma data que visa reconhecer e valorizar o trabalho dos profissionais de enfermagem em todo o mundo. Com um papel crucial no sistema de sa\u00fade, os enfermeiros garantem cuidados de qualidade, seguran\u00e7a do paciente e s\u00e3o frequentemente a primeira linha de defesa na presta\u00e7\u00e3o de assist\u00eancia m\u00e9dica.<\/p>\n<h2 id=\"quando-surgiu-dia-do-enfermeira\">Quando surgiu o dia do enfermeira<\/h2>\n<p>A celebra\u00e7\u00e3o do <strong>dia do enfermeira<\/strong> foi estabelecida em 1974, em homenagem ao anivers\u00e1rio de Florence Nightingale, a fundadora da enfermagem moderna. Desde ent\u00e3o, o dia \u00e9 uma oportunidade para destacar a import\u00e2ncia dos enfermeiros e suas contribui\u00e7\u00f5es para a sa\u00fade global. Para mais informa\u00e7\u00f5es, voc\u00ea pode acessar este <a href=\"https:\/\/www.wikipedia.org\">link relevante<\/a>.<\/p>\n<h2 id=\"importancia-para-empresas\">Por que o dia do enfermeira \u00e9 importante para empresas<\/h2>\n<p>As empresas que atuam no setor de sa\u00fade ou que possuem enfermeiros em sua equipe t\u00eam uma condi\u00e7\u00e3o \u00fanica de celebrar o <strong>dia do enfermeira<\/strong>. Aqui est\u00e3o algumas raz\u00f5es:<\/p>\n<ul>\n<li><strong>Valoriza\u00e7\u00e3o do trabalho:<\/strong> Reconhecer o esfor\u00e7o dos enfermeiros spromove um ambiente de trabalho mais positivo.<\/li>\n<li><strong>Motiva\u00e7\u00e3o da equipe:<\/strong> Celebra\u00e7\u00f5es podem aumentar a moral e motiva\u00e7\u00e3o, levando a uma melhor reten\u00e7\u00e3o de talentos.<\/li>\n<li><strong>Melhoria na imagem da empresa:<\/strong> Uma empresa que valoriza a profiss\u00e3o de enfermagem fortalece sua reputa\u00e7\u00e3o no mercado.<\/li>\n<\/ul>\n<h2 id=\"vantagens-e-riscos\">Vantagens de fazer dia do enfermeira da forma correta<\/h2>\n<p>Comemorar o <strong>dia do enfermeira<\/strong> de maneira adequada traz vantagens significativas:<\/p>\n<ol>\n<li>Cria\u00e7\u00e3o de um sentimento de perten\u00e7a entre os enfermeiros.<\/li>\n<li>Estabelecimento de um ambiente prop\u00edcio para feedback e melhorias constantes.<\/li>\n<li>Diminui\u00e7\u00e3o do estresse e exaust\u00e3o dos profissionais de sa\u00fade.<\/li>\n<\/ol>\n<p>No entanto, se mal gerenciado, a data pode trazer riscos, como:<\/p>\n<ul>\n<li>Desinteresse ou falta de participa\u00e7\u00e3o dos pr\u00f3prios enfermeiros.<\/li>\n<li>Percep\u00e7\u00e3o de que a celebra\u00e7\u00e3o \u00e9 superficial.<\/li>\n<\/ul>\n<h2 id=\"principais-erros\">Principais erros ao celebrar o dia do enfermeira<\/h2>\n<p>Alguns erros comuns que podem ocorrer durante a celebra\u00e7\u00e3o do <strong>dia do enfermeira<\/strong> incluem:<\/p>\n<ol>\n<li>Ignorar a opini\u00e3o dos enfermeiros: \u00c9 vital incluir os enfermeiros na comemora\u00e7\u00e3o.<\/li>\n<li>Focar apenas na festividade e n\u00e3o nas contribui\u00e7\u00f5es reais dos profissionais.<\/li>\n<li>Falta de continuidade: As celebra\u00e7\u00f5es n\u00e3o devem ser eventos \u00fanicos, mas parte de uma cultura de valoriza\u00e7\u00e3o cont\u00ednua.<\/li>\n<\/ol>\n<h2 id=\"como-facilitar-a-rotina\">Como automatizar ou facilitar a rotina com dia do enfermeira<\/h2>\n<p>Empresas podem usar ferramentas tecnol\u00f3gicas para organizar as celebra\u00e7\u00f5es. Aqui est\u00e3o algumas dicas:<\/p>\n<ul>\n<li>Utilizar <strong>planilhas<\/strong> para planejar as atividades do dia.<\/li>\n<li>Implementar sistemas de feedback online para ouvir os enfermeiros.<\/li>\n<li>Criar um calend\u00e1rio de eventos que promova o <strong>dia do enfermeira<\/strong> e outras datas importantes da sa\u00fade.<\/li>\n<\/ul>\n<h2 id=\"checklist-final\">Checklist final antes de enviar\/usar o dia do enfermeira<\/h2>\n<p>Antes de celebrar o <strong>dia do enfermeira<\/strong>, garanta que voc\u00ea tenha coberto todos os pontos essenciais:<\/p>\n<ul>\n<li>Defina as atividades que acontecer\u00e3o.<\/li>\n<li>Comunique a import\u00e2ncia da data a todos os colaboradores.<\/li>\n<li>Reserve recursos e budget para as celebra\u00e7\u00f5es.<\/li>\n<\/ul>\n<h2 id=\"faq-dia-do-enfermeira\">Perguntas frequentes (FAQ) sobre dia do enfermeira<\/h2>\n<h3>1. O que \u00e9 o dia do enfermeira?<\/h3>\n<p>\u00c9 uma data de reconhecimento e valoriza\u00e7\u00e3o dos profissionais de enfermagem, celebrando suas contribui\u00e7\u00f5es.<\/p>\n<h3>2. Por que \u00e9 celebrado em 12 de maio?<\/h3>\n<p>Esse dia marca o anivers\u00e1rio de Florence Nightingale, refer\u00eancia na profiss\u00e3o.<\/p>\n<h3>3. Como as empresas podem celebrar a data?<\/h3>\n<p>As empresas podem planejar eventos, workshops e homenagens internas.<\/p>\n<h3>4. \u00c9 importante incluir os enfermeiros na decis\u00e3o de como celebrar?<\/h3>\n<p>Sim, \u00e9 fundamental ouvir as opini\u00f5es deles para que a comemora\u00e7\u00e3o seja significativa.<\/p>\n<h3>5. Quais s\u00e3o os principais erros a evitar?<\/h3>\n<p>Ignorar a import\u00e2ncia da data e a opini\u00e3o dos enfermeiros \u00e9 um erro comum.<\/p>\n<h3>6. Qual a import\u00e2ncia do dia do enfermeira para a cultura da empresa?<\/h3>\n<p>Fortalece a valoriza\u00e7\u00e3o da equipe e promove um ambiente de trabalho mais saud\u00e1vel.<\/p>\n<h3>7. Como a automatiza\u00e7\u00e3o pode ajudar?<\/h3>\n<p>Automatizar processos pode tornar a organiza\u00e7\u00e3o das comemora\u00e7\u00f5es mais eficiente.<\/p>\n<h3>8. Existem normas que regulamentam a celebra\u00e7\u00e3o do dia do enfermeira?<\/h3>\n<p>A celebra\u00e7\u00e3o n\u00e3o tem regulamenta\u00e7\u00e3o espec\u00edfica, mas deve seguir c\u00f3digos de \u00e9tica profissional.<\/p>\n<h3>9. Como posso contribuir para uma celebra\u00e7\u00e3o de sucesso?<\/h3>\n<p>Ao envolver a equipe e criar um plano de valoriza\u00e7\u00e3o cont\u00ednua.<\/p>\n<h3>10. Quais campanhas s\u00e3o comuns nesse dia?<\/h3>\n<p>Campanhas de sa\u00fade, workshops sobre cuidados, e eventos de networking s\u00e3o algumas op\u00e7\u00f5es.<\/p>\n<p>Ao reconhecer e celebrar o <strong>dia do enfermeira<\/strong>, as empresas n\u00e3o apenas homenageiam os profissionais da sa\u00fade, mas tamb\u00e9m cultivam um ambiente de trabalho mais positivo. Se voc\u00ea deseja implementar uma estrat\u00e9gia eficaz para o <strong>dia do enfermeira<\/strong> em sua companhia, entre em contato conosco e vamos ajud\u00e1-lo a criar uma cultura que valoriza sua equipe!<\/p>\n","protected":false},"excerpt":{"rendered":"<p>Descubra a relev\u00e2ncia do dia do enfermeira e como sua empresa pode celebrar esta data vital e fortalecer sua equipe.<\/p>\n","protected":false},"author":1,"featured_media":161,"comment_status":"open","ping_status":"open","sticky":false,"template":"","format":"standard","meta":{"footnotes":""},"categories":[54,70,23],"tags":[272,270,271,29,26],"class_list":["post-162","post","type-post","status-publish","format-standard","has-post-thumbnail","hentry","category-empresas","category-recursos-humanos","category-saude-corporativa","tag-celebracao-do-enfermeiro","tag-dia-do-enfermeira","tag-importancia-do-enfermeiro","tag-recursos-humanos","tag-saude-empresarial"],"_links":{"self":[{"href":"https:\/\/clivux.com\/conteudos\/wp-json\/wp\/v2\/posts\/162","targetHints":{"allow":["GET"]}}],"collection":[{"href":"https:\/\/clivux.com\/conteudos\/wp-json\/wp\/v2\/posts"}],"about":[{"href":"https:\/\/clivux.com\/conteudos\/wp-json\/wp\/v2\/types\/post"}],"author":[{"embeddable":true,"href":"https:\/\/clivux.com\/conteudos\/wp-json\/wp\/v2\/users\/1"}],"replies":[{"embeddable":true,"href":"https:\/\/clivux.com\/conteudos\/wp-json\/wp\/v2\/comments?post=162"}],"version-history":[{"count":0,"href":"https:\/\/clivux.com\/conteudos\/wp-json\/wp\/v2\/posts\/162\/revisions"}],"wp:featuredmedia":[{"embeddable":true,"href":"https:\/\/clivux.com\/conteudos\/wp-json\/wp\/v2\/media\/161"}],"wp:attachment":[{"href":"https:\/\/clivux.com\/conteudos\/wp-json\/wp\/v2\/media?parent=162"}],"wp:term":[{"taxonomy":"category","embeddable":true,"href":"https:\/\/clivux.com\/conteudos\/wp-json\/wp\/v2\/categories?post=162"},{"taxonomy":"post_tag","embeddable":true,"href":"https:\/\/clivux.com\/conteudos\/wp-json\/wp\/v2\/tags?post=162"}],"curies":[{"name":"wp","href":"https:\/\/api.w.org\/{rel}","templated":true}]}}