{"id":136,"date":"2026-02-08T11:01:04","date_gmt":"2026-02-08T11:01:04","guid":{"rendered":"https:\/\/clivux.com\/conteudos\/dia-das-secretarias-a-importancia-de-celebrar-e-reconhecer\/"},"modified":"2026-02-08T11:01:04","modified_gmt":"2026-02-08T11:01:04","slug":"dia-das-secretarias-a-importancia-de-celebrar-e-reconhecer","status":"publish","type":"post","link":"https:\/\/clivux.com\/conteudos\/dia-das-secretarias-a-importancia-de-celebrar-e-reconhecer\/","title":{"rendered":"Dia das Secretarias: A Import\u00e2ncia de Celebrar e Reconhecer"},"content":{"rendered":"<h1>Dia das Secretarias: A Import\u00e2ncia de Celebrar e Reconhecer<\/h1>\n<p>O <strong>dia das secretarias<\/strong> \u00e9 uma data especialmente significativa no Brasil, que ocorre anualmente em 30 de setembro. Sua origem remonta a 1988, quando a data foi estabelecida para reconhecer e valorizar o trabalho essencial desempenhado pelas secret\u00e1rias e secret\u00e1rios em diversos setores, tanto em empresas quanto em \u00f3rg\u00e3os p\u00fablicos. Neste artigo, vamos explorar a relev\u00e2ncia dessa comemora\u00e7\u00e3o, como ela evoluiu, e por que \u00e9 crucial que os empres\u00e1rios e profissionais administrativos a celebrem.<\/p>\n<figure>\n          <img decoding=\"async\" src=\"https:\/\/clivux.com\/conteudos\/wp-content\/uploads\/2026\/02\/dia-das-secretarias.jpg\" alt=\"dia das secretarias\" \/><\/p>\n<\/figure>\n<h2>Conte\u00fado<\/h2>\n<ol>\n<li><a href=\"#o-que-e-dia-das-secretarias\">O que \u00e9 o Dia das Secretarias<\/a><\/li>\n<li><a href=\"#quando-surgiu-dia-das-secretarias\">Quando surgiu o Dia das Secretarias<\/a><\/li>\n<li><a href=\"#importancia-do-dia-das-secretarias\">Por que o Dia das Secretarias \u00e9 importante para empresas<\/a><\/li>\n<li><a href=\"#exemplos-praticos\">Exemplos pr\u00e1ticos de uso do Dia das Secretarias no dia a dia da empresa<\/a><\/li>\n<li><a href=\"#faq\">Perguntas frequentes sobre o Dia das Secretarias<\/a><\/li>\n<li><a href=\"#checklist\">Checklist final antes de enviar<\/a><\/li>\n<\/ol>\n<h2 id=\"o-que-e-dia-das-secretarias\">O que \u00e9 o Dia das Secretarias<\/h2>\n<p>O Dia das Secretarias \u00e9 uma data dedicada a homenagear os profissionais que atuam nesse setor vital para o funcionamento eficaz de uma organiza\u00e7\u00e3o. A fun\u00e7\u00e3o de secretariado envolve uma variedade de atividades, como gerenciamento de agendas, organiza\u00e7\u00e3o de documentos e a facilita\u00e7\u00e3o da comunica\u00e7\u00e3o entre diferentes setores. Esses profissionais muitas vezes figuram como a espinha dorsal de muitas empresas.<\/p>\n<h2 id=\"quando-surgiu-dia-das-secretarias\">Quando surgiu o Dia das Secretarias<\/h2>\n<p>A origem do Dia das Secretarias data de 30 de setembro de 1988, quando a data foi oficialmente inserida no calend\u00e1rio brasileiro. Essa escolha estava ligada ao in\u00edcio do outono e \u00e0 ideia de renova\u00e7\u00e3o e reconhecimento. Com o passar dos anos, a celebra\u00e7\u00e3o ganhou for\u00e7a e come\u00e7ou a ser reconhecida em diversas empresas e institui\u00e7\u00f5es do pa\u00eds.<\/p>\n<h2 id=\"importancia-do-dia-das-secretarias\">Por que o Dia das Secretarias \u00e9 importante para empresas<\/h2>\n<p>Celebrar o Dia das Secretarias n\u00e3o se resume apenas a uma festividade; \u00e9 uma oportunidade para as empresas reconhecerem a import\u00e2ncia e o impacto consider\u00e1vel que esses profissionais t\u00eam nas opera\u00e7\u00f5es di\u00e1rias. Aqui est\u00e3o algumas raz\u00f5es que demonstram a import\u00e2ncia dessa data:<\/p>\n<ul>\n<li><strong>Valoriza\u00e7\u00e3o do Trabalho:<\/strong> Reconhecer os esfor\u00e7os e a dedica\u00e7\u00e3o de secret\u00e1rias e secret\u00e1rios pode aumentar a motiva\u00e7\u00e3o e engajamento no trabalho.<\/li>\n<li><strong>Cultura Organizacional:<\/strong> Promover uma cultura que valoriza todos os colaboradores, independentemente do cargo, contribui para um ambiente de trabalho mais saud\u00e1vel.<\/li>\n<li><strong>Redu\u00e7\u00e3o da Rotatividade:<\/strong> Funcion\u00e1rios que se sentem valorizados t\u00eam menos probabilidade de deixar suas fun\u00e7\u00f5es, poupando custos com recrutamento e treinamento.<\/li>\n<li><strong>Fortalecimento das Rela\u00e7\u00f5es:<\/strong> Celebra\u00e7\u00f5es fomentam uma maior intera\u00e7\u00e3o entre os profissionais, seguindo a ideia de que um ambiente colaborativo \u00e9 mais produtivo.<\/li>\n<\/ul>\n<h2 id=\"exemplos-praticos\">Exemplos pr\u00e1ticos de uso do Dia das Secretarias no dia a dia da empresa<\/h2>\n<p>Para viabilizar a celebra\u00e7\u00e3o do Dia das Secretarias, as empresas podem implementar algumas a\u00e7\u00f5es pr\u00e1ticas, tais como:<\/p>\n<ol>\n<li><strong>Eventos de Agradecimento:<\/strong> Realizar uma pequena cerim\u00f4nia ou um almo\u00e7o em homenagem aos secret\u00e1rios, entregando reconhecimentos, como certificados de agradecimento.<\/li>\n<li><strong>Campanhas Motivacionais:<\/strong> Utilizar a data para lan\u00e7ar campanhas motivacionais que valorizem o papel de secret\u00e1rios e secret\u00e1rias nas equipes.<\/li>\n<li><strong>Workshops e Palestras:<\/strong> Promover eventos educativos que possam aprimorar as habilidades dos secret\u00e1rios, demonstrando a preocupa\u00e7\u00e3o da empresa com o desenvolvimento profissional.<\/li>\n<\/ol>\n<h2 id=\"faq\">Perguntas frequentes sobre o Dia das Secretarias<\/h2>\n<h3>1. Quem pode comemorar o Dia das Secretarias?<\/h3>\n<p>Qualquer empresa que tenha profissionais em fun\u00e7\u00f5es administrativas pode e deve comemorar essa data, valorizando o trabalho dos secret\u00e1rios e secret\u00e1rias.<\/p>\n<h3>2. H\u00e1 alguma legisla\u00e7\u00e3o que rege o Dia das Secretarias?<\/h3>\n<p>N\u00e3o existe uma legisla\u00e7\u00e3o espec\u00edfica sobre o Dia das Secretarias; a data \u00e9 uma conven\u00e7\u00e3o social que visa a valoriza\u00e7\u00e3o dos profissionais.<\/p>\n<h3>3. Como posso implementar a\u00e7\u00f5es para comemorar essa data na minha empresa?<\/h3>\n<p>Inicie com uma pesquisa de opini\u00f5es das secretarias para saber o que seria mais valorizador e planeje um evento ou a\u00e7\u00f5es baseadas no feedback obtido.<\/p>\n<h3>4. \u00c9 importante que todos os n\u00edveis da empresa reconhe\u00e7am essa data?<\/h3>\n<p>Sim! A valoriza\u00e7\u00e3o deve vir desde a alta gest\u00e3o at\u00e9 os demais colaboradores, pois isso refor\u00e7a a cultura de respeito e valoriza\u00e7\u00e3o do trabalho de todos.<\/p>\n<h3>5. Qual a liga\u00e7\u00e3o entre o Dia das Secretarias e a produtividade?<\/h3>\n<p>Funcion\u00e1rios que se sentem reconhecidos tendem a ser mais produtivos, pois a valoriza\u00e7\u00e3o gera um ambiente de trabalho positivo e colaborativo.<\/p>\n<h2 id=\"checklist\">Checklist final antes de enviar<\/h2>\n<p>Antes de finalizar as comemora\u00e7\u00f5es e celebrar o Dia das Secretarias, considere os seguintes pontos:<\/p>\n<ul>\n<li>Defina um or\u00e7amento para as comemora\u00e7\u00f5es;<\/li>\n<li>Planeje com anteced\u00eancia para garantir a presen\u00e7a de todos;<\/li>\n<li>Considere as prefer\u00eancias dos secret\u00e1rios ao elaborar os eventos;<\/li>\n<li>Envie convites formais para gerar expectativa;<\/li>\n<li>Ap\u00f3s a comemora\u00e7\u00e3o, colete feedback e sugest\u00f5es para eventos futuros.<\/li>\n<\/ul>\n<p>Concluindo, o <strong>Dia das Secretarias<\/strong> \u00e9 mais do que uma mera data no calend\u00e1rio; \u00e9 um momento de reflex\u00e3o sobre a import\u00e2ncia desses profissionais, essencial para o sucesso das organiza\u00e7\u00f5es. Valoriz\u00e1-los n\u00e3o apenas melhora o ambiente de trabalho, mas tamb\u00e9m influencia diretamente nos resultados das empresas. As iniciativas que promovem essa valoriza\u00e7\u00e3o s\u00e3o fundamentais para o desenvolvimento de uma cultura organizacional forte e colaborativa. Assim, convidamos voc\u00ea a celebrar esse dia com as secret\u00e1rias e secret\u00e1rios da sua empresa, proporcionando a eles o reconhecimento que merecem!<\/p>\n<p><strong>Vamos valorizar nossos profissionais administrativos!<\/strong><\/p>\n","protected":false},"excerpt":{"rendered":"<p>Descubra a import\u00e2ncia do dia das secretarias e como essa data pode impactar seu neg\u00f3cio e a valoriza\u00e7\u00e3o de profissionais administrativos.<\/p>\n","protected":false},"author":1,"featured_media":135,"comment_status":"open","ping_status":"open","sticky":false,"template":"","format":"standard","meta":{"footnotes":""},"categories":[4,41,70],"tags":[226,224,61,219,225],"class_list":["post-136","post","type-post","status-publish","format-standard","has-post-thumbnail","hentry","category-administracao","category-empreendedorismo","category-recursos-humanos","tag-celebracao","tag-dia-das-secretarias","tag-empresas-brasileiras","tag-processos-administrativos","tag-valorizacao-profissionais"],"_links":{"self":[{"href":"https:\/\/clivux.com\/conteudos\/wp-json\/wp\/v2\/posts\/136","targetHints":{"allow":["GET"]}}],"collection":[{"href":"https:\/\/clivux.com\/conteudos\/wp-json\/wp\/v2\/posts"}],"about":[{"href":"https:\/\/clivux.com\/conteudos\/wp-json\/wp\/v2\/types\/post"}],"author":[{"embeddable":true,"href":"https:\/\/clivux.com\/conteudos\/wp-json\/wp\/v2\/users\/1"}],"replies":[{"embeddable":true,"href":"https:\/\/clivux.com\/conteudos\/wp-json\/wp\/v2\/comments?post=136"}],"version-history":[{"count":0,"href":"https:\/\/clivux.com\/conteudos\/wp-json\/wp\/v2\/posts\/136\/revisions"}],"wp:featuredmedia":[{"embeddable":true,"href":"https:\/\/clivux.com\/conteudos\/wp-json\/wp\/v2\/media\/135"}],"wp:attachment":[{"href":"https:\/\/clivux.com\/conteudos\/wp-json\/wp\/v2\/media?parent=136"}],"wp:term":[{"taxonomy":"category","embeddable":true,"href":"https:\/\/clivux.com\/conteudos\/wp-json\/wp\/v2\/categories?post=136"},{"taxonomy":"post_tag","embeddable":true,"href":"https:\/\/clivux.com\/conteudos\/wp-json\/wp\/v2\/tags?post=136"}],"curies":[{"name":"wp","href":"https:\/\/api.w.org\/{rel}","templated":true}]}}